{"id":372,"date":"2025-02-21T13:35:30","date_gmt":"2025-02-21T13:35:30","guid":{"rendered":"https:\/\/www.serviplaya.com\/blog\/?p=372"},"modified":"2025-03-20T14:33:29","modified_gmt":"2025-03-20T14:33:29","slug":"grao-gandia","status":"publish","type":"post","link":"https:\/\/www.serviplaya.com\/blog\/grao-gandia\/","title":{"rendered":"Saborea el mediterr\u00e1neo en el Grao de Gand\u00eda"},"content":{"rendered":"\t\t<div data-elementor-type=\"wp-post\" data-elementor-id=\"372\" class=\"elementor elementor-372\" data-elementor-post-type=\"post\">\n\t\t\t\t<div class=\"elementor-element elementor-element-7b13f109 e-flex e-con-boxed e-con e-parent\" data-id=\"7b13f109\" data-element_type=\"container\">\n\t\t\t\t\t<div class=\"e-con-inner\">\n\t\t\t\t<div class=\"elementor-element elementor-element-7ae8f3fa elementor-widget elementor-widget-text-editor\" data-id=\"7ae8f3fa\" data-element_type=\"widget\" data-widget_type=\"text-editor.default\">\n\t\t\t\t<div class=\"elementor-widget-container\">\n\t\t\t\t\t\t\t\t\t<p><span style=\"font-weight: 400;\">Imagina que, por azares del destino, acabas en un lugar donde el suave aroma del mar se mezcla con el de una paella reci\u00e9n hecha. Donde el sonido de las gaviotas hace eco con el de los barcos pesqueros que traen su cargamento desde altamar. Bueno, pues esto no tiene por qu\u00e9 ser tu imaginaci\u00f3n, ya que <\/span><b>el Grao de Gand\u00eda est\u00e1 m\u00e1s cerca de lo que crees.<\/b><\/p><p><span style=\"font-weight: 400;\">En este incre\u00edble barrio costero,<\/span><b> vivir\u00e1s una experiencia \u00fanica que activar\u00e1 todos tus sentidos.<\/b><span style=\"font-weight: 400;\"> Y no lo decimos por decir, es tal cual. Aqu\u00ed, la tradici\u00f3n marinera se encuentra con una oferta de ocio, gastronom\u00eda y naturaleza que te empujar\u00e1 a alargar tus vacaciones\u2026 al menos todo lo que d\u00e9 tu presupuesto.<\/span><\/p>\t\t\t\t\t\t\t\t<\/div>\n\t\t\t\t<\/div>\n\t\t\t\t\t<\/div>\n\t\t\t\t<\/div>\n\t\t<div class=\"elementor-element elementor-element-1d2f0184 e-flex e-con-boxed e-con e-parent\" data-id=\"1d2f0184\" data-element_type=\"container\">\n\t\t\t\t\t<div class=\"e-con-inner\">\n\t\t\t\t<div class=\"elementor-element elementor-element-5a8f05b4 elementor-widget elementor-widget-table-of-contents\" data-id=\"5a8f05b4\" data-element_type=\"widget\" data-settings=\"{&quot;headings_by_tags&quot;:[&quot;h2&quot;,&quot;h3&quot;],&quot;exclude_headings_by_selector&quot;:[],&quot;marker_view&quot;:&quot;bullets&quot;,&quot;icon&quot;:{&quot;value&quot;:&quot;&quot;,&quot;library&quot;:&quot;&quot;},&quot;no_headings_message&quot;:&quot;No headings were found on this page.&quot;,&quot;hierarchical_view&quot;:&quot;yes&quot;,&quot;min_height&quot;:{&quot;unit&quot;:&quot;px&quot;,&quot;size&quot;:&quot;&quot;,&quot;sizes&quot;:[]},&quot;min_height_tablet&quot;:{&quot;unit&quot;:&quot;px&quot;,&quot;size&quot;:&quot;&quot;,&quot;sizes&quot;:[]},&quot;min_height_mobile&quot;:{&quot;unit&quot;:&quot;px&quot;,&quot;size&quot;:&quot;&quot;,&quot;sizes&quot;:[]}}\" data-widget_type=\"table-of-contents.default\">\n\t\t\t\t<div class=\"elementor-widget-container\">\n\t\t\t\t\t\t\t<div class=\"elementor-toc__header\">\n\t\t\t<div class=\"elementor-toc__header-title\">\n\t\t\t\tTable of Contents\t\t\t<\/div>\n\t\t\t\t\t<\/div>\n\t\t<div id=\"elementor-toc__5a8f05b4\" class=\"elementor-toc__body\">\n\t\t\t<div class=\"elementor-toc__spinner-container\">\n\t\t\t\t<svg class=\"elementor-toc__spinner eicon-animation-spin e-font-icon-svg e-eicon-loading\" aria-hidden=\"true\" viewBox=\"0 0 1000 1000\" xmlns=\"http:\/\/www.w3.org\/2000\/svg\"><path d=\"M500 975V858C696 858 858 696 858 500S696 142 500 142 142 304 142 500H25C25 237 238 25 500 25S975 237 975 500 763 975 500 975Z\"><\/path><\/svg>\t\t\t<\/div>\n\t\t<\/div>\n\t\t\t\t\t\t<\/div>\n\t\t\t\t<\/div>\n\t\t\t\t\t<\/div>\n\t\t\t\t<\/div>\n\t\t<div class=\"elementor-element elementor-element-32983d82 e-flex e-con-boxed e-con e-parent\" data-id=\"32983d82\" data-element_type=\"container\">\n\t\t\t\t\t<div class=\"e-con-inner\">\n\t\t\t\t<div class=\"elementor-element elementor-element-2b71ac1f elementor-widget elementor-widget-heading\" data-id=\"2b71ac1f\" data-element_type=\"widget\" data-widget_type=\"heading.default\">\n\t\t\t\t<div class=\"elementor-widget-container\">\n\t\t\t\t\t<h2 class=\"elementor-heading-title elementor-size-default\">\u00bfQu\u00e9 es el Grao de Gand\u00eda y por qu\u00e9 deber\u00edas visitarlo?\n<\/h2>\t\t\t\t<\/div>\n\t\t\t\t<\/div>\n\t\t\t\t<div class=\"elementor-element elementor-element-68e3b48c elementor-widget elementor-widget-text-editor\" data-id=\"68e3b48c\" data-element_type=\"widget\" data-widget_type=\"text-editor.default\">\n\t\t\t\t<div class=\"elementor-widget-container\">\n\t\t\t\t\t\t\t\t\t<p><span style=\"font-weight: 400;\">Dicen que cada ciudad tiene un coraz\u00f3n, un lugar en el que ocurren las cosas y se vive el aut\u00e9ntico d\u00eda a d\u00eda. En el caso de la ciudad valenciana de Gand\u00eda, <\/span><b>este lugar es sin duda el Grao.\u00a0<\/b><\/p><p><span style=\"font-weight: 400;\">Este barrio de nada menos que 7.000 habitantes<\/span><b> se sit\u00faa entre la desembocadura del r\u00edo Serpis y el barranco de San Nicol\u00e1s.<\/b><span style=\"font-weight: 400;\"> Es uno de los mejores sitios de Espa\u00f1a para vivir una experiencia diferente con actividades para todos los gustos en un entorno mediterr\u00e1neo.<\/span><\/p>\t\t\t\t\t\t\t\t<\/div>\n\t\t\t\t<\/div>\n\t\t\t\t\t<\/div>\n\t\t\t\t<\/div>\n\t\t<div class=\"elementor-element elementor-element-043a263 e-flex e-con-boxed e-con e-parent\" data-id=\"043a263\" data-element_type=\"container\">\n\t\t\t\t\t<div class=\"e-con-inner\">\n\t\t<div class=\"elementor-element elementor-element-79d8ec7 e-con-full e-flex e-con e-child\" data-id=\"79d8ec7\" data-element_type=\"container\">\n\t\t\t\t<div class=\"elementor-element elementor-element-f2df0f9 elementor-widget elementor-widget-text-editor\" data-id=\"f2df0f9\" data-element_type=\"widget\" data-widget_type=\"text-editor.default\">\n\t\t\t\t<div class=\"elementor-widget-container\">\n\t\t\t\t\t\t\t\t\t<p><span style=\"font-weight: 400;\">Ahora bien, \u00bfpor qu\u00e9 deber\u00edas visitarlo? Si est\u00e1s dudando sobre d\u00f3nde planear tus vacaciones y buscas algo m\u00e1s que una playa, esta es tu opci\u00f3n.<\/span><b> Aqu\u00ed podr\u00e1s degustar pescado y marisco en la Lonja o en sus restaurantes locales.<\/b><span style=\"font-weight: 400;\"> En otras palabras, vivir\u00e1s la aut\u00e9ntica experiencia levantina.<\/span><\/p><p><span style=\"font-weight: 400;\">Pero no solo te conquistar\u00e1 por el est\u00f3mago, ya que <\/span><b>encontrar\u00e1s rincones \u00fanicos como la \u201cVenecia\u201d del Grao,<\/b><span style=\"font-weight: 400;\"> con canales que recuerdan a la ciudad italiana. Tambi\u00e9n podr\u00e1s sumergirte en su historia y cultura, practicar algo de deporte o simplemente fundirte con la vida local. <\/span><\/p>\t\t\t\t\t\t\t\t<\/div>\n\t\t\t\t<\/div>\n\t\t\t\t<\/div>\n\t\t<div class=\"elementor-element elementor-element-c09a557 e-con-full e-flex e-con e-child\" data-id=\"c09a557\" data-element_type=\"container\">\n\t\t\t\t<div class=\"elementor-element elementor-element-e83e05b elementor-widget elementor-widget-google_maps\" data-id=\"e83e05b\" data-element_type=\"widget\" data-widget_type=\"google_maps.default\">\n\t\t\t\t<div class=\"elementor-widget-container\">\n\t\t\t\t\t\t\t<div class=\"elementor-custom-embed\">\n\t\t\t<iframe loading=\"lazy\"\n\t\t\t\t\tsrc=\"https:\/\/maps.google.com\/maps?q=grao%20gandia&#038;t=m&#038;z=14&#038;output=embed&#038;iwloc=near\"\n\t\t\t\t\ttitle=\"grao gandia\"\n\t\t\t\t\taria-label=\"grao gandia\"\n\t\t\t><\/iframe>\n\t\t<\/div>\n\t\t\t\t\t\t<\/div>\n\t\t\t\t<\/div>\n\t\t\t\t<\/div>\n\t\t\t\t\t<\/div>\n\t\t\t\t<\/div>\n\t\t<div class=\"elementor-element elementor-element-6597da53 e-flex e-con-boxed e-con e-parent\" data-id=\"6597da53\" data-element_type=\"container\">\n\t\t\t\t\t<div class=\"e-con-inner\">\n\t\t\t\t<div class=\"elementor-element elementor-element-26a1ee20 elementor-widget elementor-widget-heading\" data-id=\"26a1ee20\" data-element_type=\"widget\" data-widget_type=\"heading.default\">\n\t\t\t\t<div class=\"elementor-widget-container\">\n\t\t\t\t\t<h2 class=\"elementor-heading-title elementor-size-default\">Estas son las mejores playas del Grao de Gand\u00eda\n<\/h2>\t\t\t\t<\/div>\n\t\t\t\t<\/div>\n\t\t\t\t<div class=\"elementor-element elementor-element-553b7c65 elementor-widget elementor-widget-text-editor\" data-id=\"553b7c65\" data-element_type=\"widget\" data-widget_type=\"text-editor.default\">\n\t\t\t\t<div class=\"elementor-widget-container\">\n\t\t\t\t\t\t\t\t\t<p>Lorem ipsum dolor sit amet, consectetur adipiscing elit. Ut elit tellus, luctus nec ullamcorper mattis, pulvinar dapibus leo.<\/p>\t\t\t\t\t\t\t\t<\/div>\n\t\t\t\t<\/div>\n\t\t\t\t\t<\/div>\n\t\t\t\t<\/div>\n\t\t<div class=\"elementor-element elementor-element-89f0c06 e-flex e-con-boxed e-con e-parent\" data-id=\"89f0c06\" data-element_type=\"container\">\n\t\t\t\t\t<div class=\"e-con-inner\">\n\t\t<div class=\"elementor-element elementor-element-624fb00 e-con-full e-flex e-con e-child\" data-id=\"624fb00\" data-element_type=\"container\">\n\t\t\t\t<div class=\"elementor-element elementor-element-3bcf4918 elementor-widget elementor-widget-heading\" data-id=\"3bcf4918\" data-element_type=\"widget\" data-widget_type=\"heading.default\">\n\t\t\t\t<div class=\"elementor-widget-container\">\n\t\t\t\t\t<h3 class=\"elementor-heading-title elementor-size-default\">Playa Nord de Gand\u00eda\n<\/h3>\t\t\t\t<\/div>\n\t\t\t\t<\/div>\n\t\t\t\t<div class=\"elementor-element elementor-element-5fec6e3c elementor-widget elementor-widget-text-editor\" data-id=\"5fec6e3c\" data-element_type=\"widget\" data-widget_type=\"text-editor.default\">\n\t\t\t\t<div class=\"elementor-widget-container\">\n\t\t\t\t\t\t\t\t\t<p><span style=\"font-weight: 400;\">La playa Nord es una de las joyas urbanas de la ciudad, ya que pone a tu disposici\u00f3n <\/span><b>m\u00e1s de tres kil\u00f3metros de esa arena fina que tanto nos gusta. <\/b><span style=\"font-weight: 400;\">Es una playa que prima, por encima de todo, la comodidad. Para ello, ofrece todos los servicios estrella, como alquiler de sombrillas, duchas, chiringuitos y hasta un carril bici para recorrer el paseo mar\u00edtimo.<\/span><\/p><p><b>Desde hace m\u00e1s de treinta a\u00f1os luce la famosa Bandera Azul,<\/b><span style=\"font-weight: 400;\"> la cual es un aut\u00e9ntico distintivo de calidad y seguridad. Es una playa top para practicar deportes acu\u00e1ticos, ir con amigos o, simplemente, vivir un tranquilo d\u00eda de vacaciones en familia.<\/span><\/p>\t\t\t\t\t\t\t\t<\/div>\n\t\t\t\t<\/div>\n\t\t\t\t<\/div>\n\t\t<div class=\"elementor-element elementor-element-a4691c9 e-con-full e-flex e-con e-child\" data-id=\"a4691c9\" data-element_type=\"container\">\n\t\t\t\t<div class=\"elementor-element elementor-element-bc49eb1 elementor-widget elementor-widget-heading\" data-id=\"bc49eb1\" data-element_type=\"widget\" data-widget_type=\"heading.default\">\n\t\t\t\t<div class=\"elementor-widget-container\">\n\t\t\t\t\t<h3 class=\"elementor-heading-title elementor-size-default\">Playa de L\u2019Ahuir\n<\/h3>\t\t\t\t<\/div>\n\t\t\t\t<\/div>\n\t\t\t\t<div class=\"elementor-element elementor-element-fbe78f1 elementor-widget elementor-widget-text-editor\" data-id=\"fbe78f1\" data-element_type=\"widget\" data-widget_type=\"text-editor.default\">\n\t\t\t\t<div class=\"elementor-widget-container\">\n\t\t\t\t\t\t\t\t\t<p><span style=\"font-weight: 400;\">\u00bfPrefieres una experiencia m\u00e1s natural y de desconexi\u00f3n? Esta es la playa virgen que necesitas. Se encuentra rodeada por dunas que la protegen y aportan privacidad y pone a tu disposici\u00f3n dos kil\u00f3metros de extensi\u00f3n. <\/span><b>Es una de las pocas playas nudistas autorizadas en la zona<\/b><span style=\"font-weight: 400;\"> y tambi\u00e9n un lugar perfecto para practicar surf o kitesurf. Si deseas escapar del bullicio, ser\u00e1 sin duda tu opci\u00f3n ideal.<\/span><\/p>\t\t\t\t\t\t\t\t<\/div>\n\t\t\t\t<\/div>\n\t\t\t\t<\/div>\n\t\t<div class=\"elementor-element elementor-element-96da58a e-con-full e-flex e-con e-child\" data-id=\"96da58a\" data-element_type=\"container\">\n\t\t\t\t<div class=\"elementor-element elementor-element-6423b30 elementor-widget elementor-widget-heading\" data-id=\"6423b30\" data-element_type=\"widget\" data-widget_type=\"heading.default\">\n\t\t\t\t<div class=\"elementor-widget-container\">\n\t\t\t\t\t<h3 class=\"elementor-heading-title elementor-size-default\">Playa Venecia\n<\/h3>\t\t\t\t<\/div>\n\t\t\t\t<\/div>\n\t\t\t\t<div class=\"elementor-element elementor-element-9574557 elementor-widget elementor-widget-text-editor\" data-id=\"9574557\" data-element_type=\"widget\" data-widget_type=\"text-editor.default\">\n\t\t\t\t<div class=\"elementor-widget-container\">\n\t\t\t\t\t\t\t\t\t<p><span style=\"font-weight: 400;\">La playa Venecia es algo m\u00e1s peque\u00f1a que las anteriores, pero igualmente<\/span><b> ideal para ir con ni\u00f1os debido a su oleaje moderado y sus aguas bien limpias<\/b><span style=\"font-weight: 400;\">. Igual que la playa de L\u2019Ahuir, cuenta con un entorno natural rodeado de vegetaci\u00f3n, lo que le aporta privacidad. Se encuentra entre el puerto y la desembocadura del r\u00edo Serpis, con 330 metros de longitud.<\/span><\/p>\t\t\t\t\t\t\t\t<\/div>\n\t\t\t\t<\/div>\n\t\t\t\t<\/div>\n\t\t<div class=\"elementor-element elementor-element-4f92c8f e-con-full e-flex e-con e-child\" data-id=\"4f92c8f\" data-element_type=\"container\">\n\t\t\t\t<div class=\"elementor-element elementor-element-88aa617 elementor-widget elementor-widget-heading\" data-id=\"88aa617\" data-element_type=\"widget\" data-widget_type=\"heading.default\">\n\t\t\t\t<div class=\"elementor-widget-container\">\n\t\t\t\t\t<h3 class=\"elementor-heading-title elementor-size-default\">Playa dels Marenys de Rafalcaid\n<\/h3>\t\t\t\t<\/div>\n\t\t\t\t<\/div>\n\t\t\t\t<div class=\"elementor-element elementor-element-faf6989 elementor-widget elementor-widget-text-editor\" data-id=\"faf6989\" data-element_type=\"widget\" data-widget_type=\"text-editor.default\">\n\t\t\t\t<div class=\"elementor-widget-container\">\n\t\t\t\t\t\t\t\t\t<p><span style=\"font-weight: 400;\">Por \u00faltimo, <\/span><b>esta playa semiurbana al sur del Grao te da un buen equilibrio entre tranquilidad y servicios<\/b><span style=\"font-weight: 400;\">. No en vano la mayor\u00eda de la gente aprovecha para practicar deportes acu\u00e1ticos como el kitesurf. Si nunca has probado no te preocupes, encontrar\u00e1s cursos sea cual sea tu nivel.<\/span><\/p>\t\t\t\t\t\t\t\t<\/div>\n\t\t\t\t<\/div>\n\t\t\t\t<\/div>\n\t\t\t\t\t<\/div>\n\t\t\t\t<\/div>\n\t\t<div class=\"elementor-element elementor-element-3afb034 e-flex e-con-boxed e-con e-parent\" data-id=\"3afb034\" data-element_type=\"container\">\n\t\t\t\t\t<div class=\"e-con-inner\">\n\t\t\t\t<div class=\"elementor-element elementor-element-66c5ed6 elementor-widget elementor-widget-image\" data-id=\"66c5ed6\" data-element_type=\"widget\" data-widget_type=\"image.default\">\n\t\t\t\t<div class=\"elementor-widget-container\">\n\t\t\t\t\t\t\t\t\t\t\t\t\t\t\t<img fetchpriority=\"high\" decoding=\"async\" width=\"1429\" height=\"714\" src=\"https:\/\/www.serviplaya.com\/blog\/wp-content\/uploads\/2025\/02\/gandia-grao.jpg\" class=\"attachment-full size-full wp-image-424\" alt=\"gandia-grao.jpg\" srcset=\"https:\/\/www.serviplaya.com\/blog\/wp-content\/uploads\/2025\/02\/gandia-grao.jpg 1429w, https:\/\/www.serviplaya.com\/blog\/wp-content\/uploads\/2025\/02\/gandia-grao-300x150.jpg 300w, https:\/\/www.serviplaya.com\/blog\/wp-content\/uploads\/2025\/02\/gandia-grao-1024x512.jpg 1024w, https:\/\/www.serviplaya.com\/blog\/wp-content\/uploads\/2025\/02\/gandia-grao-768x384.jpg 768w\" sizes=\"(max-width: 1429px) 100vw, 1429px\" \/>\t\t\t\t\t\t\t\t\t\t\t\t\t\t\t<\/div>\n\t\t\t\t<\/div>\n\t\t\t\t\t<\/div>\n\t\t\t\t<\/div>\n\t\t<div class=\"elementor-element elementor-element-b3397bc e-flex e-con-boxed e-con e-parent\" data-id=\"b3397bc\" data-element_type=\"container\">\n\t\t\t\t\t<div class=\"e-con-inner\">\n\t\t\t\t<div class=\"elementor-element elementor-element-25ff327 elementor-widget elementor-widget-heading\" data-id=\"25ff327\" data-element_type=\"widget\" data-widget_type=\"heading.default\">\n\t\t\t\t<div class=\"elementor-widget-container\">\n\t\t\t\t\t<h2 class=\"elementor-heading-title elementor-size-default\">Las mejores actividades y atracciones en el Grao de Gand\u00eda\n<\/h2>\t\t\t\t<\/div>\n\t\t\t\t<\/div>\n\t\t\t\t<div class=\"elementor-element elementor-element-52871f8 elementor-widget elementor-widget-text-editor\" data-id=\"52871f8\" data-element_type=\"widget\" data-widget_type=\"text-editor.default\">\n\t\t\t\t<div class=\"elementor-widget-container\">\n\t\t\t\t\t\t\t\t\t<p><span style=\"font-weight: 400;\">\u00bfLlevas ya tres d\u00edas tost\u00e1ndote como los cangrejos en la playa y te apetece hacer algo diferente? Lo bueno del Grao de Gand\u00eda es que<\/span><b> ofrece actividades alternativas para todos los gustos.<\/b><\/p><p><span style=\"font-weight: 400;\">Por ejemplo, si quieres vivir la esencia marinera, tienes todo un puerto pesquero a tu disposici\u00f3n. <\/span><b>La Lonja del Grao se llena de vida cada d\u00eda con todos los pescadores y comerciantes que subastan a voz en grito su pescado fresco<\/b><span style=\"font-weight: 400;\">. Sin duda, es una experiencia que tienes que vivir, de esas que luego cuentas a tus seres queridos y les ense\u00f1as fotos.<\/span><\/p><p><span style=\"font-weight: 400;\">Para los que busquen algo m\u00e1s \u201ccultureta\u201d, <\/span><b>siempre pueden visitar la iglesia de San Nicol\u00e1s de Bari,<\/b><span style=\"font-weight: 400;\"> un lugar de historia y espiritualidad. Aqu\u00ed se encuentran las patronas del barrio, la Virgen del Carmen y la Mare de D\u00e9u Blanqueta y la iglesia ha albergado multitud de eventos culturales y religiosos.<\/span><\/p><p><span style=\"font-weight: 400;\">Para patear las calles,<\/span><b> no puedes dejar de visitar el Espig\u00f3n del puerto<\/b><span style=\"font-weight: 400;\">, con vistas espectaculares al Mediterr\u00e1neo y la Venecia del Grao, un rinc\u00f3n donde desembocan al mar los canales del r\u00edo Serpis.\u00a0<\/span><\/p><p><span style=\"font-weight: 400;\">Recuerda que cada jueves por la ma\u00f1ana<\/span><b> se monta en el barrio el famoso mercadillo local, <\/b><span style=\"font-weight: 400;\">en la Pla\u00e7a de la Marina, y se llena con puestos que ofrecen todo tipo de productos frescos, ropa e incluso piezas de artesan\u00eda local.\u00a0<\/span><\/p>\t\t\t\t\t\t\t\t<\/div>\n\t\t\t\t<\/div>\n\t\t\t\t<div class=\"elementor-element elementor-element-0e8d513 elementor-widget elementor-widget-image\" data-id=\"0e8d513\" data-element_type=\"widget\" data-widget_type=\"image.default\">\n\t\t\t\t<div class=\"elementor-widget-container\">\n\t\t\t\t\t\t\t\t\t\t\t\t\t\t\t<img decoding=\"async\" width=\"1253\" height=\"626\" src=\"https:\/\/www.serviplaya.com\/blog\/wp-content\/uploads\/2025\/02\/grao-de-gandia.jpg\" class=\"attachment-full size-full wp-image-429\" alt=\"grao-de-gandia.jpg\" srcset=\"https:\/\/www.serviplaya.com\/blog\/wp-content\/uploads\/2025\/02\/grao-de-gandia.jpg 1253w, https:\/\/www.serviplaya.com\/blog\/wp-content\/uploads\/2025\/02\/grao-de-gandia-300x150.jpg 300w, https:\/\/www.serviplaya.com\/blog\/wp-content\/uploads\/2025\/02\/grao-de-gandia-1024x512.jpg 1024w, https:\/\/www.serviplaya.com\/blog\/wp-content\/uploads\/2025\/02\/grao-de-gandia-768x384.jpg 768w\" sizes=\"(max-width: 1253px) 100vw, 1253px\" \/>\t\t\t\t\t\t\t\t\t\t\t\t\t\t\t<\/div>\n\t\t\t\t<\/div>\n\t\t\t\t\t<\/div>\n\t\t\t\t<\/div>\n\t\t<div class=\"elementor-element elementor-element-c130828 e-flex e-con-boxed e-con e-parent\" data-id=\"c130828\" data-element_type=\"container\">\n\t\t\t\t\t<div class=\"e-con-inner\">\n\t\t\t\t<div class=\"elementor-element elementor-element-25b5e66 elementor-widget elementor-widget-heading\" data-id=\"25b5e66\" data-element_type=\"widget\" data-widget_type=\"heading.default\">\n\t\t\t\t<div class=\"elementor-widget-container\">\n\t\t\t\t\t<h2 class=\"elementor-heading-title elementor-size-default\">D\u00f3nde comer y alojarse en Grao de Gand\u00eda\n\n<\/h2>\t\t\t\t<\/div>\n\t\t\t\t<\/div>\n\t\t\t\t<div class=\"elementor-element elementor-element-a875409 elementor-widget elementor-widget-text-editor\" data-id=\"a875409\" data-element_type=\"widget\" data-widget_type=\"text-editor.default\">\n\t\t\t\t<div class=\"elementor-widget-container\">\n\t\t\t\t\t\t\t\t\t<p><span style=\"font-weight: 400;\">Si no sabes d\u00f3nde comer, te recomendamos algunos de los restaurantes de la zona:<\/span><\/p><ul><li style=\"font-weight: 400;\" aria-level=\"1\"><b>Casa Rosario:<\/b><span style=\"font-weight: 400;\"> un restaurante de cocina mediterr\u00e1nea ideal para grupos o familias, con un precio medio de 20\/30 euros por comensal.<\/span><\/li><li style=\"font-weight: 400;\" aria-level=\"1\"><b>Casa Julia:<\/b><span style=\"font-weight: 400;\"> paellas y arroces en un ambiente relajado, tambi\u00e9n por 20\/30 euros por comensal.<\/span><\/li><li style=\"font-weight: 400;\" aria-level=\"1\"><b>Casa Concha:<\/b><span style=\"font-weight: 400;\"> los mejores platos mediterr\u00e1neos en un local casual y acogedor muy cerquita de la playa.<\/span><\/li><li style=\"font-weight: 400;\" aria-level=\"1\"><b>Restaurante Ripoll: <\/b><span>aqu\u00ed probar\u00e1s marisco fresco tra\u00eddo directamente de la Lonja con vistas al mar.<\/span><\/li><\/ul>\t\t\t\t\t\t\t\t<\/div>\n\t\t\t\t<\/div>\n\t\t\t\t\t<\/div>\n\t\t\t\t<\/div>\n\t\t<div class=\"elementor-element elementor-element-60f5a13 e-flex e-con-boxed e-con e-parent\" data-id=\"60f5a13\" data-element_type=\"container\">\n\t\t\t\t\t<div class=\"e-con-inner\">\n\t\t\t\t<div class=\"elementor-element elementor-element-6d70dcb elementor-widget elementor-widget-heading\" data-id=\"6d70dcb\" data-element_type=\"widget\" data-widget_type=\"heading.default\">\n\t\t\t\t<div class=\"elementor-widget-container\">\n\t\t\t\t\t<h2 class=\"elementor-heading-title elementor-size-default\">Disfruta del Grao de Gand\u00eda con el mejor alojamiento \n\n<\/h2>\t\t\t\t<\/div>\n\t\t\t\t<\/div>\n\t\t\t\t<div class=\"elementor-element elementor-element-24294c5 elementor-widget elementor-widget-text-editor\" data-id=\"24294c5\" data-element_type=\"widget\" data-widget_type=\"text-editor.default\">\n\t\t\t\t<div class=\"elementor-widget-container\">\n\t\t\t\t\t\t\t\t\t<p><span style=\"font-weight: 400;\">Como es l\u00f3gico, visitar el Grao de Gand\u00eda y sacarle todo el provecho solo es posible si encuentras un alojamiento a la altura de tus planes. Para ello, <\/span><b>queremos pon\u00e9rtelo f\u00e1cil con una amplia oferta de alojamientos en Gand\u00eda y Xeraco <\/b><span style=\"font-weight: 400;\">al mejor precio y con todas las comodidades que podr\u00edas desear.<\/span><\/p><p><b>Contacta con nosotros para encontrar tu alojamiento ideal en el Grao de Gand\u00eda<\/b><span style=\"font-weight: 400;\"> y disfruta de este barrio con encanto de una de las ciudades m\u00e1s famosas de la Comunidad Valenciana. <\/span><\/p>\t\t\t\t\t\t\t\t<\/div>\n\t\t\t\t<\/div>\n\t\t\t\t\t<\/div>\n\t\t\t\t<\/div>\n\t\t\t\t<\/div>\n\t\t","protected":false},"excerpt":{"rendered":"<p>Imagina que, por azares del destino, acabas en un lugar donde el suave aroma del mar se mezcla con el de una paella reci\u00e9n hecha. Donde el sonido de las gaviotas hace eco con el de los barcos pesqueros que traen su cargamento desde altamar. Bueno, pues esto no tiene por qu\u00e9 ser tu imaginaci\u00f3n, [&hellip;]<\/p>\n","protected":false},"author":2,"featured_media":434,"comment_status":"open","ping_status":"open","sticky":false,"template":"","format":"standard","meta":{"footnotes":""},"categories":[42],"tags":[],"class_list":["post-372","post","type-post","status-publish","format-standard","has-post-thumbnail","hentry","category-gandia"],"yoast_head":"<!-- This site is optimized with the Yoast SEO plugin v25.2 - https:\/\/yoast.com\/wordpress\/plugins\/seo\/ -->\n<title>Saborea el mediterr\u00e1neo en el Grao de Gand\u00eda - Alquiler en Gand\u00eda y Xeraco<\/title>\n<meta name=\"description\" content=\"Conoce el Grao de Gand\u00eda. Vive su ambiente relajado y sus bellas playas. \u00a1Explora este lugar lleno de encanto en la costa de Valencia!\" \/>\n<meta name=\"robots\" content=\"index, follow, max-snippet:-1, max-image-preview:large, max-video-preview:-1\" \/>\n<link rel=\"canonical\" href=\"https:\/\/www.serviplaya.com\/blog\/grao-gandia\/\" \/>\n<meta property=\"og:locale\" content=\"es_ES\" \/>\n<meta property=\"og:type\" content=\"article\" \/>\n<meta property=\"og:title\" content=\"Saborea el mediterr\u00e1neo en el Grao de Gand\u00eda - Alquiler en Gand\u00eda y Xeraco\" \/>\n<meta property=\"og:description\" content=\"Conoce el Grao de Gand\u00eda. Vive su ambiente relajado y sus bellas playas. \u00a1Explora este lugar lleno de encanto en la costa de Valencia!\" \/>\n<meta property=\"og:url\" content=\"https:\/\/www.serviplaya.com\/blog\/grao-gandia\/\" \/>\n<meta property=\"og:site_name\" content=\"Alquiler en Gand\u00eda y Xeraco\" \/>\n<meta property=\"article:published_time\" content=\"2025-02-21T13:35:30+00:00\" \/>\n<meta property=\"article:modified_time\" content=\"2025-03-20T14:33:29+00:00\" \/>\n<meta property=\"og:image\" content=\"https:\/\/www.serviplaya.com\/blog\/wp-content\/uploads\/2025\/02\/visitar-grao-de-gandia.jpg\" \/>\n\t<meta property=\"og:image:width\" content=\"2081\" \/>\n\t<meta property=\"og:image:height\" content=\"694\" \/>\n\t<meta property=\"og:image:type\" content=\"image\/jpeg\" \/>\n<meta name=\"author\" content=\"digitalservices@avantio.com\" \/>\n<meta name=\"twitter:card\" content=\"summary_large_image\" \/>\n<meta name=\"twitter:label1\" content=\"Escrito por\" \/>\n\t<meta name=\"twitter:data1\" content=\"digitalservices@avantio.com\" \/>\n\t<meta name=\"twitter:label2\" content=\"Tiempo de lectura\" \/>\n\t<meta name=\"twitter:data2\" content=\"6 minutos\" \/>\n<script type=\"application\/ld+json\" class=\"yoast-schema-graph\">{\"@context\":\"https:\/\/schema.org\",\"@graph\":[{\"@type\":\"Article\",\"@id\":\"https:\/\/www.serviplaya.com\/blog\/grao-gandia\/#article\",\"isPartOf\":{\"@id\":\"https:\/\/www.serviplaya.com\/blog\/grao-gandia\/\"},\"author\":{\"name\":\"digitalservices@avantio.com\",\"@id\":\"https:\/\/www.serviplaya.com\/blog\/#\/schema\/person\/1d04c7cdba0745f9884f23b9a0418252\"},\"headline\":\"Saborea el mediterr\u00e1neo en el Grao de Gand\u00eda\",\"datePublished\":\"2025-02-21T13:35:30+00:00\",\"dateModified\":\"2025-03-20T14:33:29+00:00\",\"mainEntityOfPage\":{\"@id\":\"https:\/\/www.serviplaya.com\/blog\/grao-gandia\/\"},\"wordCount\":1155,\"commentCount\":0,\"publisher\":{\"@id\":\"https:\/\/www.serviplaya.com\/blog\/#organization\"},\"image\":{\"@id\":\"https:\/\/www.serviplaya.com\/blog\/grao-gandia\/#primaryimage\"},\"thumbnailUrl\":\"https:\/\/www.serviplaya.com\/blog\/wp-content\/uploads\/2025\/02\/visitar-grao-de-gandia.jpg\",\"articleSection\":[\"Gandia\"],\"inLanguage\":\"es\",\"potentialAction\":[{\"@type\":\"CommentAction\",\"name\":\"Comment\",\"target\":[\"https:\/\/www.serviplaya.com\/blog\/grao-gandia\/#respond\"]}]},{\"@type\":\"WebPage\",\"@id\":\"https:\/\/www.serviplaya.com\/blog\/grao-gandia\/\",\"url\":\"https:\/\/www.serviplaya.com\/blog\/grao-gandia\/\",\"name\":\"Saborea el mediterr\u00e1neo en el Grao de Gand\u00eda - Alquiler en Gand\u00eda y Xeraco\",\"isPartOf\":{\"@id\":\"https:\/\/www.serviplaya.com\/blog\/#website\"},\"primaryImageOfPage\":{\"@id\":\"https:\/\/www.serviplaya.com\/blog\/grao-gandia\/#primaryimage\"},\"image\":{\"@id\":\"https:\/\/www.serviplaya.com\/blog\/grao-gandia\/#primaryimage\"},\"thumbnailUrl\":\"https:\/\/www.serviplaya.com\/blog\/wp-content\/uploads\/2025\/02\/visitar-grao-de-gandia.jpg\",\"datePublished\":\"2025-02-21T13:35:30+00:00\",\"dateModified\":\"2025-03-20T14:33:29+00:00\",\"description\":\"Conoce el Grao de Gand\u00eda. Vive su ambiente relajado y sus bellas playas. \u00a1Explora este lugar lleno de encanto en la costa de Valencia!\",\"breadcrumb\":{\"@id\":\"https:\/\/www.serviplaya.com\/blog\/grao-gandia\/#breadcrumb\"},\"inLanguage\":\"es\",\"potentialAction\":[{\"@type\":\"ReadAction\",\"target\":[\"https:\/\/www.serviplaya.com\/blog\/grao-gandia\/\"]}]},{\"@type\":\"ImageObject\",\"inLanguage\":\"es\",\"@id\":\"https:\/\/www.serviplaya.com\/blog\/grao-gandia\/#primaryimage\",\"url\":\"https:\/\/www.serviplaya.com\/blog\/wp-content\/uploads\/2025\/02\/visitar-grao-de-gandia.jpg\",\"contentUrl\":\"https:\/\/www.serviplaya.com\/blog\/wp-content\/uploads\/2025\/02\/visitar-grao-de-gandia.jpg\",\"width\":2081,\"height\":694,\"caption\":\"Gand\u00eda port Grao beach aerial skyline at sunset in Mediterranean Valencia of Spain Drone point of view\"},{\"@type\":\"BreadcrumbList\",\"@id\":\"https:\/\/www.serviplaya.com\/blog\/grao-gandia\/#breadcrumb\",\"itemListElement\":[{\"@type\":\"ListItem\",\"position\":1,\"name\":\"Portada\",\"item\":\"https:\/\/www.serviplaya.com\/blog\/\"},{\"@type\":\"ListItem\",\"position\":2,\"name\":\"Saborea el mediterr\u00e1neo en el Grao de Gand\u00eda\"}]},{\"@type\":\"WebSite\",\"@id\":\"https:\/\/www.serviplaya.com\/blog\/#website\",\"url\":\"https:\/\/www.serviplaya.com\/blog\/\",\"name\":\"Alquiler en Gand\u00eda y Xeraco\",\"description\":\"SERVIPLAYA\",\"publisher\":{\"@id\":\"https:\/\/www.serviplaya.com\/blog\/#organization\"},\"potentialAction\":[{\"@type\":\"SearchAction\",\"target\":{\"@type\":\"EntryPoint\",\"urlTemplate\":\"https:\/\/www.serviplaya.com\/blog\/?s={search_term_string}\"},\"query-input\":{\"@type\":\"PropertyValueSpecification\",\"valueRequired\":true,\"valueName\":\"search_term_string\"}}],\"inLanguage\":\"es\"},{\"@type\":\"Organization\",\"@id\":\"https:\/\/www.serviplaya.com\/blog\/#organization\",\"name\":\"Alquiler en Gand\u00eda y Xeraco\",\"url\":\"https:\/\/www.serviplaya.com\/blog\/\",\"logo\":{\"@type\":\"ImageObject\",\"inLanguage\":\"es\",\"@id\":\"https:\/\/www.serviplaya.com\/blog\/#\/schema\/logo\/image\/\",\"url\":\"https:\/\/www.serviplaya.com\/blog\/wp-content\/uploads\/2024\/12\/cropped-logo-3.png\",\"contentUrl\":\"https:\/\/www.serviplaya.com\/blog\/wp-content\/uploads\/2024\/12\/cropped-logo-3.png\",\"width\":600,\"height\":143,\"caption\":\"Alquiler en Gand\u00eda y Xeraco\"},\"image\":{\"@id\":\"https:\/\/www.serviplaya.com\/blog\/#\/schema\/logo\/image\/\"}},{\"@type\":\"Person\",\"@id\":\"https:\/\/www.serviplaya.com\/blog\/#\/schema\/person\/1d04c7cdba0745f9884f23b9a0418252\",\"name\":\"digitalservices@avantio.com\",\"image\":{\"@type\":\"ImageObject\",\"inLanguage\":\"es\",\"@id\":\"https:\/\/www.serviplaya.com\/blog\/#\/schema\/person\/image\/\",\"url\":\"https:\/\/secure.gravatar.com\/avatar\/af30f88a1904294c1f3eb09a9d7903eec4ffa18fa2cf40c28a8681014ecdfc20?s=96&d=mm&r=g\",\"contentUrl\":\"https:\/\/secure.gravatar.com\/avatar\/af30f88a1904294c1f3eb09a9d7903eec4ffa18fa2cf40c28a8681014ecdfc20?s=96&d=mm&r=g\",\"caption\":\"digitalservices@avantio.com\"},\"url\":\"https:\/\/www.serviplaya.com\/blog\/author\/digitalservicesavantio-com\/\"}]}<\/script>\n<!-- \/ Yoast SEO plugin. -->","yoast_head_json":{"title":"Saborea el mediterr\u00e1neo en el Grao de Gand\u00eda - Alquiler en Gand\u00eda y Xeraco","description":"Conoce el Grao de Gand\u00eda. Vive su ambiente relajado y sus bellas playas. \u00a1Explora este lugar lleno de encanto en la costa de Valencia!","robots":{"index":"index","follow":"follow","max-snippet":"max-snippet:-1","max-image-preview":"max-image-preview:large","max-video-preview":"max-video-preview:-1"},"canonical":"https:\/\/www.serviplaya.com\/blog\/grao-gandia\/","og_locale":"es_ES","og_type":"article","og_title":"Saborea el mediterr\u00e1neo en el Grao de Gand\u00eda - Alquiler en Gand\u00eda y Xeraco","og_description":"Conoce el Grao de Gand\u00eda. Vive su ambiente relajado y sus bellas playas. \u00a1Explora este lugar lleno de encanto en la costa de Valencia!","og_url":"https:\/\/www.serviplaya.com\/blog\/grao-gandia\/","og_site_name":"Alquiler en Gand\u00eda y Xeraco","article_published_time":"2025-02-21T13:35:30+00:00","article_modified_time":"2025-03-20T14:33:29+00:00","og_image":[{"width":2081,"height":694,"url":"https:\/\/www.serviplaya.com\/blog\/wp-content\/uploads\/2025\/02\/visitar-grao-de-gandia.jpg","type":"image\/jpeg"}],"author":"digitalservices@avantio.com","twitter_card":"summary_large_image","twitter_misc":{"Escrito por":"digitalservices@avantio.com","Tiempo de lectura":"6 minutos"},"schema":{"@context":"https:\/\/schema.org","@graph":[{"@type":"Article","@id":"https:\/\/www.serviplaya.com\/blog\/grao-gandia\/#article","isPartOf":{"@id":"https:\/\/www.serviplaya.com\/blog\/grao-gandia\/"},"author":{"name":"digitalservices@avantio.com","@id":"https:\/\/www.serviplaya.com\/blog\/#\/schema\/person\/1d04c7cdba0745f9884f23b9a0418252"},"headline":"Saborea el mediterr\u00e1neo en el Grao de Gand\u00eda","datePublished":"2025-02-21T13:35:30+00:00","dateModified":"2025-03-20T14:33:29+00:00","mainEntityOfPage":{"@id":"https:\/\/www.serviplaya.com\/blog\/grao-gandia\/"},"wordCount":1155,"commentCount":0,"publisher":{"@id":"https:\/\/www.serviplaya.com\/blog\/#organization"},"image":{"@id":"https:\/\/www.serviplaya.com\/blog\/grao-gandia\/#primaryimage"},"thumbnailUrl":"https:\/\/www.serviplaya.com\/blog\/wp-content\/uploads\/2025\/02\/visitar-grao-de-gandia.jpg","articleSection":["Gandia"],"inLanguage":"es","potentialAction":[{"@type":"CommentAction","name":"Comment","target":["https:\/\/www.serviplaya.com\/blog\/grao-gandia\/#respond"]}]},{"@type":"WebPage","@id":"https:\/\/www.serviplaya.com\/blog\/grao-gandia\/","url":"https:\/\/www.serviplaya.com\/blog\/grao-gandia\/","name":"Saborea el mediterr\u00e1neo en el Grao de Gand\u00eda - Alquiler en Gand\u00eda y Xeraco","isPartOf":{"@id":"https:\/\/www.serviplaya.com\/blog\/#website"},"primaryImageOfPage":{"@id":"https:\/\/www.serviplaya.com\/blog\/grao-gandia\/#primaryimage"},"image":{"@id":"https:\/\/www.serviplaya.com\/blog\/grao-gandia\/#primaryimage"},"thumbnailUrl":"https:\/\/www.serviplaya.com\/blog\/wp-content\/uploads\/2025\/02\/visitar-grao-de-gandia.jpg","datePublished":"2025-02-21T13:35:30+00:00","dateModified":"2025-03-20T14:33:29+00:00","description":"Conoce el Grao de Gand\u00eda. Vive su ambiente relajado y sus bellas playas. \u00a1Explora este lugar lleno de encanto en la costa de Valencia!","breadcrumb":{"@id":"https:\/\/www.serviplaya.com\/blog\/grao-gandia\/#breadcrumb"},"inLanguage":"es","potentialAction":[{"@type":"ReadAction","target":["https:\/\/www.serviplaya.com\/blog\/grao-gandia\/"]}]},{"@type":"ImageObject","inLanguage":"es","@id":"https:\/\/www.serviplaya.com\/blog\/grao-gandia\/#primaryimage","url":"https:\/\/www.serviplaya.com\/blog\/wp-content\/uploads\/2025\/02\/visitar-grao-de-gandia.jpg","contentUrl":"https:\/\/www.serviplaya.com\/blog\/wp-content\/uploads\/2025\/02\/visitar-grao-de-gandia.jpg","width":2081,"height":694,"caption":"Gand\u00eda port Grao beach aerial skyline at sunset in Mediterranean Valencia of Spain Drone point of view"},{"@type":"BreadcrumbList","@id":"https:\/\/www.serviplaya.com\/blog\/grao-gandia\/#breadcrumb","itemListElement":[{"@type":"ListItem","position":1,"name":"Portada","item":"https:\/\/www.serviplaya.com\/blog\/"},{"@type":"ListItem","position":2,"name":"Saborea el mediterr\u00e1neo en el Grao de Gand\u00eda"}]},{"@type":"WebSite","@id":"https:\/\/www.serviplaya.com\/blog\/#website","url":"https:\/\/www.serviplaya.com\/blog\/","name":"Alquiler en Gand\u00eda y Xeraco","description":"SERVIPLAYA","publisher":{"@id":"https:\/\/www.serviplaya.com\/blog\/#organization"},"potentialAction":[{"@type":"SearchAction","target":{"@type":"EntryPoint","urlTemplate":"https:\/\/www.serviplaya.com\/blog\/?s={search_term_string}"},"query-input":{"@type":"PropertyValueSpecification","valueRequired":true,"valueName":"search_term_string"}}],"inLanguage":"es"},{"@type":"Organization","@id":"https:\/\/www.serviplaya.com\/blog\/#organization","name":"Alquiler en Gand\u00eda y Xeraco","url":"https:\/\/www.serviplaya.com\/blog\/","logo":{"@type":"ImageObject","inLanguage":"es","@id":"https:\/\/www.serviplaya.com\/blog\/#\/schema\/logo\/image\/","url":"https:\/\/www.serviplaya.com\/blog\/wp-content\/uploads\/2024\/12\/cropped-logo-3.png","contentUrl":"https:\/\/www.serviplaya.com\/blog\/wp-content\/uploads\/2024\/12\/cropped-logo-3.png","width":600,"height":143,"caption":"Alquiler en Gand\u00eda y Xeraco"},"image":{"@id":"https:\/\/www.serviplaya.com\/blog\/#\/schema\/logo\/image\/"}},{"@type":"Person","@id":"https:\/\/www.serviplaya.com\/blog\/#\/schema\/person\/1d04c7cdba0745f9884f23b9a0418252","name":"digitalservices@avantio.com","image":{"@type":"ImageObject","inLanguage":"es","@id":"https:\/\/www.serviplaya.com\/blog\/#\/schema\/person\/image\/","url":"https:\/\/secure.gravatar.com\/avatar\/af30f88a1904294c1f3eb09a9d7903eec4ffa18fa2cf40c28a8681014ecdfc20?s=96&d=mm&r=g","contentUrl":"https:\/\/secure.gravatar.com\/avatar\/af30f88a1904294c1f3eb09a9d7903eec4ffa18fa2cf40c28a8681014ecdfc20?s=96&d=mm&r=g","caption":"digitalservices@avantio.com"},"url":"https:\/\/www.serviplaya.com\/blog\/author\/digitalservicesavantio-com\/"}]}},"_links":{"self":[{"href":"https:\/\/www.serviplaya.com\/blog\/wp-json\/wp\/v2\/posts\/372","targetHints":{"allow":["GET"]}}],"collection":[{"href":"https:\/\/www.serviplaya.com\/blog\/wp-json\/wp\/v2\/posts"}],"about":[{"href":"https:\/\/www.serviplaya.com\/blog\/wp-json\/wp\/v2\/types\/post"}],"author":[{"embeddable":true,"href":"https:\/\/www.serviplaya.com\/blog\/wp-json\/wp\/v2\/users\/2"}],"replies":[{"embeddable":true,"href":"https:\/\/www.serviplaya.com\/blog\/wp-json\/wp\/v2\/comments?post=372"}],"version-history":[{"count":13,"href":"https:\/\/www.serviplaya.com\/blog\/wp-json\/wp\/v2\/posts\/372\/revisions"}],"predecessor-version":[{"id":448,"href":"https:\/\/www.serviplaya.com\/blog\/wp-json\/wp\/v2\/posts\/372\/revisions\/448"}],"wp:featuredmedia":[{"embeddable":true,"href":"https:\/\/www.serviplaya.com\/blog\/wp-json\/wp\/v2\/media\/434"}],"wp:attachment":[{"href":"https:\/\/www.serviplaya.com\/blog\/wp-json\/wp\/v2\/media?parent=372"}],"wp:term":[{"taxonomy":"category","embeddable":true,"href":"https:\/\/www.serviplaya.com\/blog\/wp-json\/wp\/v2\/categories?post=372"},{"taxonomy":"post_tag","embeddable":true,"href":"https:\/\/www.serviplaya.com\/blog\/wp-json\/wp\/v2\/tags?post=372"}],"curies":[{"name":"wp","href":"https:\/\/api.w.org\/{rel}","templated":true}]}}