{"id":452,"date":"2025-03-20T15:37:31","date_gmt":"2025-03-20T15:37:31","guid":{"rendered":"https:\/\/www.serviplaya.com\/blog\/?p=452"},"modified":"2025-03-20T15:38:58","modified_gmt":"2025-03-20T15:38:58","slug":"esta-es-la-guia-definitiva-sobre-que-ver-en-xeraco","status":"publish","type":"post","link":"https:\/\/www.serviplaya.com\/blog\/esta-es-la-guia-definitiva-sobre-que-ver-en-xeraco\/","title":{"rendered":"Esta es la gu\u00eda definitiva sobre qu\u00e9 ver en Xeraco"},"content":{"rendered":"\t\t<div data-elementor-type=\"wp-post\" data-elementor-id=\"452\" class=\"elementor elementor-452\" data-elementor-post-type=\"post\">\n\t\t\t\t<div class=\"elementor-element elementor-element-5f5105c4 e-flex e-con-boxed e-con e-parent\" data-id=\"5f5105c4\" data-element_type=\"container\">\n\t\t\t\t\t<div class=\"e-con-inner\">\n\t\t\t\t<div class=\"elementor-element elementor-element-169be808 elementor-widget elementor-widget-text-editor\" data-id=\"169be808\" data-element_type=\"widget\" data-widget_type=\"text-editor.default\">\n\t\t\t\t<div class=\"elementor-widget-container\">\n\t\t\t\t\t\t\t\t\t<p><span style=\"font-weight: 400;\">Lo bueno de la costa valenciana es que, de vez en cuando, nos revela alg\u00fan que otro tesoro escondido. Este es el caso de Xeraco, <\/span><b>una localidad que se ubica entre el mar y la monta\u00f1a <\/b><span style=\"font-weight: 400;\">en la comarca de Safor.<\/span><\/p><p><span style=\"font-weight: 400;\">Lo que quiz\u00e1 tampoco sab\u00edas es que su historia se remonta hasta la prehistoria (s\u00ed, no es broma)\u00a0 y <\/span><b>a eso hay que a\u00f1adirle sus incre\u00edbles playas y todo el patrimonio cultural <\/b><span style=\"font-weight: 400;\">que ofrece. Vamos, que es un destino que no te puedes perder si vas por tierras valencianas.<\/span><\/p><p><span style=\"font-weight: 400;\">Como en Serviplaya queremos pon\u00e9rtelo f\u00e1cil, <\/span><b>hoy te traemos una gu\u00eda definitiva sobre qu\u00e9 ver en Xeraco<\/b><span style=\"font-weight: 400;\">. \u00a1Vamos all\u00e1!<\/span><\/p>\t\t\t\t\t\t\t\t<\/div>\n\t\t\t\t<\/div>\n\t\t\t\t\t<\/div>\n\t\t\t\t<\/div>\n\t\t<div class=\"elementor-element elementor-element-eb85994 e-flex e-con-boxed e-con e-parent\" data-id=\"eb85994\" data-element_type=\"container\">\n\t\t\t\t\t<div class=\"e-con-inner\">\n\t\t\t\t<div class=\"elementor-element elementor-element-e049a1c elementor-widget elementor-widget-table-of-contents\" data-id=\"e049a1c\" data-element_type=\"widget\" data-settings=\"{&quot;headings_by_tags&quot;:[&quot;h2&quot;,&quot;h3&quot;],&quot;exclude_headings_by_selector&quot;:[],&quot;marker_view&quot;:&quot;bullets&quot;,&quot;icon&quot;:{&quot;value&quot;:&quot;&quot;,&quot;library&quot;:&quot;&quot;},&quot;no_headings_message&quot;:&quot;No headings were found on this page.&quot;,&quot;hierarchical_view&quot;:&quot;yes&quot;,&quot;min_height&quot;:{&quot;unit&quot;:&quot;px&quot;,&quot;size&quot;:&quot;&quot;,&quot;sizes&quot;:[]},&quot;min_height_tablet&quot;:{&quot;unit&quot;:&quot;px&quot;,&quot;size&quot;:&quot;&quot;,&quot;sizes&quot;:[]},&quot;min_height_mobile&quot;:{&quot;unit&quot;:&quot;px&quot;,&quot;size&quot;:&quot;&quot;,&quot;sizes&quot;:[]}}\" data-widget_type=\"table-of-contents.default\">\n\t\t\t\t<div class=\"elementor-widget-container\">\n\t\t\t\t\t\t\t<div class=\"elementor-toc__header\">\n\t\t\t<div class=\"elementor-toc__header-title\">\n\t\t\t\t\u00cdndice\t\t\t<\/div>\n\t\t\t\t\t<\/div>\n\t\t<div id=\"elementor-toc__e049a1c\" class=\"elementor-toc__body\">\n\t\t\t<div class=\"elementor-toc__spinner-container\">\n\t\t\t\t<svg class=\"elementor-toc__spinner eicon-animation-spin e-font-icon-svg e-eicon-loading\" aria-hidden=\"true\" viewBox=\"0 0 1000 1000\" xmlns=\"http:\/\/www.w3.org\/2000\/svg\"><path d=\"M500 975V858C696 858 858 696 858 500S696 142 500 142 142 304 142 500H25C25 237 238 25 500 25S975 237 975 500 763 975 500 975Z\"><\/path><\/svg>\t\t\t<\/div>\n\t\t<\/div>\n\t\t\t\t\t\t<\/div>\n\t\t\t\t<\/div>\n\t\t\t\t\t<\/div>\n\t\t\t\t<\/div>\n\t\t<div class=\"elementor-element elementor-element-3d08e151 e-flex e-con-boxed e-con e-parent\" data-id=\"3d08e151\" data-element_type=\"container\">\n\t\t\t\t\t<div class=\"e-con-inner\">\n\t\t\t\t<div class=\"elementor-element elementor-element-6c20e64d elementor-widget elementor-widget-heading\" data-id=\"6c20e64d\" data-element_type=\"widget\" data-widget_type=\"heading.default\">\n\t\t\t\t<div class=\"elementor-widget-container\">\n\t\t\t\t\t<h2 class=\"elementor-heading-title elementor-size-default\">\u00bfQu\u00e9 ver en Xeraco? Descubre sus principales atractivos\n<\/h2>\t\t\t\t<\/div>\n\t\t\t\t<\/div>\n\t\t\t\t<div class=\"elementor-element elementor-element-35399460 elementor-widget elementor-widget-text-editor\" data-id=\"35399460\" data-element_type=\"widget\" data-widget_type=\"text-editor.default\">\n\t\t\t\t<div class=\"elementor-widget-container\">\n\t\t\t\t\t\t\t\t\t<p><span style=\"font-weight: 400;\">Como te hemos dicho antes, Xeraco es<\/span><b> un pueblo que mezcla historia y naturaleza de una forma \u00fanica, <\/b><span style=\"font-weight: 400;\">y te aseguramos que no muchos sitios del mundo pueden presumir de eso. Vamos a ver, uno por uno, algunos de los lugares m\u00e1s interesantes que tienes que visitar s\u00ed o s\u00ed:<\/span><\/p>\t\t\t\t\t\t\t\t<\/div>\n\t\t\t\t<\/div>\n\t\t\t\t\t<\/div>\n\t\t\t\t<\/div>\n\t\t<div class=\"elementor-element elementor-element-d9d928c e-flex e-con-boxed e-con e-parent\" data-id=\"d9d928c\" data-element_type=\"container\">\n\t\t\t\t\t<div class=\"e-con-inner\">\n\t\t<div class=\"elementor-element elementor-element-351be37 e-con-full e-flex e-con e-child\" data-id=\"351be37\" data-element_type=\"container\">\n\t\t\t\t<div class=\"elementor-element elementor-element-33cfc189 elementor-widget elementor-widget-heading\" data-id=\"33cfc189\" data-element_type=\"widget\" data-widget_type=\"heading.default\">\n\t\t\t\t<div class=\"elementor-widget-container\">\n\t\t\t\t\t<h3 class=\"elementor-heading-title elementor-size-default\">Iglesia de Nuestra Se\u00f1ora de la Encarnaci\u00f3n \n<\/h3>\t\t\t\t<\/div>\n\t\t\t\t<\/div>\n\t\t\t\t<div class=\"elementor-element elementor-element-386866f0 elementor-widget elementor-widget-text-editor\" data-id=\"386866f0\" data-element_type=\"widget\" data-widget_type=\"text-editor.default\">\n\t\t\t\t<div class=\"elementor-widget-container\">\n\t\t\t\t\t\t\t\t\t<p><span style=\"font-weight: 400;\">Se trata ni m\u00e1s ni menos que de <\/span><b>un templo neocl\u00e1sico del siglo XVIII<\/b><span style=\"font-weight: 400;\"> y destaca por ser el coraz\u00f3n espiritual de la localidad. Al llegar, lo\u00a0 primero que ver\u00e1s ser\u00e1n sus dos torres campanario, cada una de diferente altura. \u00bfSab\u00edas que la m\u00e1s bajita era un antiguo minarete \u00e1rabe? Pues ya lo sabes.<\/span><\/p>\t\t\t\t\t\t\t\t<\/div>\n\t\t\t\t<\/div>\n\t\t\t\t<\/div>\n\t\t<div class=\"elementor-element elementor-element-97a19ef e-con-full e-flex e-con e-child\" data-id=\"97a19ef\" data-element_type=\"container\">\n\t\t\t\t<div class=\"elementor-element elementor-element-9d1d79b elementor-widget elementor-widget-heading\" data-id=\"9d1d79b\" data-element_type=\"widget\" data-widget_type=\"heading.default\">\n\t\t\t\t<div class=\"elementor-widget-container\">\n\t\t\t\t\t<h3 class=\"elementor-heading-title elementor-size-default\">Torre de Guaita\n<\/h3>\t\t\t\t<\/div>\n\t\t\t\t<\/div>\n\t\t\t\t<div class=\"elementor-element elementor-element-59d6797 elementor-widget elementor-widget-text-editor\" data-id=\"59d6797\" data-element_type=\"widget\" data-widget_type=\"text-editor.default\">\n\t\t\t\t<div class=\"elementor-widget-container\">\n\t\t\t\t\t\t\t\t\t<p><b>Esta torre es incluso m\u00e1s antigua que la iglesia anterior, ya que data del siglo XVI.<\/b><span style=\"font-weight: 400;\"> En sus buenos tiempos, era una atalaya que serv\u00eda como defensa contra los enemigos invasores. Adem\u00e1s, es un testigo de lujo de toda la historia mar\u00edtima de la regi\u00f3n.<\/span><\/p>\t\t\t\t\t\t\t\t<\/div>\n\t\t\t\t<\/div>\n\t\t\t\t<\/div>\n\t\t<div class=\"elementor-element elementor-element-227e7b0 e-con-full e-flex e-con e-child\" data-id=\"227e7b0\" data-element_type=\"container\">\n\t\t\t\t<div class=\"elementor-element elementor-element-8a2e61c elementor-widget elementor-widget-heading\" data-id=\"8a2e61c\" data-element_type=\"widget\" data-widget_type=\"heading.default\">\n\t\t\t\t<div class=\"elementor-widget-container\">\n\t\t\t\t\t<h3 class=\"elementor-heading-title elementor-size-default\">La Cisterna\n<\/h3>\t\t\t\t<\/div>\n\t\t\t\t<\/div>\n\t\t\t\t<div class=\"elementor-element elementor-element-371458a elementor-widget elementor-widget-text-editor\" data-id=\"371458a\" data-element_type=\"widget\" data-widget_type=\"text-editor.default\">\n\t\t\t\t<div class=\"elementor-widget-container\">\n\t\t\t\t\t\t\t\t\t<p><span style=\"font-weight: 400;\">Se trata de un aljibe subterr\u00e1neo que<\/span><b> ahora han reacondicionado como museo.<\/b><span style=\"font-weight: 400;\"> Dentro de \u00e9l encontrar\u00e1s algunas de las piezas m\u00e1s interesantes de la localidad y una explicaci\u00f3n muy detallada de cada una de ellas.<\/span><\/p>\t\t\t\t\t\t\t\t<\/div>\n\t\t\t\t<\/div>\n\t\t\t\t<\/div>\n\t\t<div class=\"elementor-element elementor-element-e00340a e-con-full e-flex e-con e-child\" data-id=\"e00340a\" data-element_type=\"container\">\n\t\t\t\t<div class=\"elementor-element elementor-element-15fa8ad elementor-widget elementor-widget-heading\" data-id=\"15fa8ad\" data-element_type=\"widget\" data-widget_type=\"heading.default\">\n\t\t\t\t<div class=\"elementor-widget-container\">\n\t\t\t\t\t<h3 class=\"elementor-heading-title elementor-size-default\">Ermita del Sant\u00edsimo Cristo de la Agon\u00eda\n<\/h3>\t\t\t\t<\/div>\n\t\t\t\t<\/div>\n\t\t\t\t<div class=\"elementor-element elementor-element-f0ae713 elementor-widget elementor-widget-text-editor\" data-id=\"f0ae713\" data-element_type=\"widget\" data-widget_type=\"text-editor.default\">\n\t\t\t\t<div class=\"elementor-widget-container\">\n\t\t\t\t\t\t\t\t\t<p><span style=\"font-weight: 400;\">Aunque el nombre no sea muy alentador<\/span><b>, estamos seguros de que la visita te encantar\u00e1.<\/b><span style=\"font-weight: 400;\"> Se trata de un bonito templete del siglo XIX que es una muestra de la devoci\u00f3n religiosa que ha profesado siempre la localidad.<\/span><\/p>\t\t\t\t\t\t\t\t<\/div>\n\t\t\t\t<\/div>\n\t\t\t\t<\/div>\n\t\t\t\t\t<\/div>\n\t\t\t\t<\/div>\n\t\t<div class=\"elementor-element elementor-element-e62874d e-flex e-con-boxed e-con e-parent\" data-id=\"e62874d\" data-element_type=\"container\">\n\t\t\t\t\t<div class=\"e-con-inner\">\n\t\t<div class=\"elementor-element elementor-element-6269c18 e-con-full e-flex e-con e-child\" data-id=\"6269c18\" data-element_type=\"container\">\n\t\t\t\t<div class=\"elementor-element elementor-element-630fabd elementor-widget elementor-widget-image\" data-id=\"630fabd\" data-element_type=\"widget\" data-widget_type=\"image.default\">\n\t\t\t\t<div class=\"elementor-widget-container\">\n\t\t\t\t\t\t\t\t\t\t\t\t\t\t\t<img fetchpriority=\"high\" decoding=\"async\" width=\"750\" height=\"563\" src=\"https:\/\/www.serviplaya.com\/blog\/wp-content\/uploads\/2025\/03\/Iglesia-Xeraco.jpg\" class=\"attachment-large size-large wp-image-509\" alt=\"Iglesia-Xeraco\" srcset=\"https:\/\/www.serviplaya.com\/blog\/wp-content\/uploads\/2025\/03\/Iglesia-Xeraco.jpg 750w, https:\/\/www.serviplaya.com\/blog\/wp-content\/uploads\/2025\/03\/Iglesia-Xeraco-300x225.jpg 300w\" sizes=\"(max-width: 750px) 100vw, 750px\" \/>\t\t\t\t\t\t\t\t\t\t\t\t\t\t\t<\/div>\n\t\t\t\t<\/div>\n\t\t\t\t<\/div>\n\t\t<div class=\"elementor-element elementor-element-0a49eb1 e-con-full e-flex e-con e-child\" data-id=\"0a49eb1\" data-element_type=\"container\">\n\t\t\t\t<div class=\"elementor-element elementor-element-d2f33dc elementor-widget elementor-widget-image\" data-id=\"d2f33dc\" data-element_type=\"widget\" data-widget_type=\"image.default\">\n\t\t\t\t<div class=\"elementor-widget-container\">\n\t\t\t\t\t\t\t\t\t\t\t\t\t\t\t<img decoding=\"async\" width=\"750\" height=\"563\" src=\"https:\/\/www.serviplaya.com\/blog\/wp-content\/uploads\/2025\/03\/ueblo-de-xeraco-safor.jpg\" class=\"attachment-large size-large wp-image-524\" alt=\"que ver xeraco\" srcset=\"https:\/\/www.serviplaya.com\/blog\/wp-content\/uploads\/2025\/03\/ueblo-de-xeraco-safor.jpg 750w, https:\/\/www.serviplaya.com\/blog\/wp-content\/uploads\/2025\/03\/ueblo-de-xeraco-safor-300x225.jpg 300w\" sizes=\"(max-width: 750px) 100vw, 750px\" \/>\t\t\t\t\t\t\t\t\t\t\t\t\t\t\t<\/div>\n\t\t\t\t<\/div>\n\t\t\t\t<\/div>\n\t\t\t\t\t<\/div>\n\t\t\t\t<\/div>\n\t\t<div class=\"elementor-element elementor-element-32ae5b7d e-flex e-con-boxed e-con e-parent\" data-id=\"32ae5b7d\" data-element_type=\"container\">\n\t\t\t\t\t<div class=\"e-con-inner\">\n\t\t\t\t<div class=\"elementor-element elementor-element-5c192b95 elementor-widget elementor-widget-heading\" data-id=\"5c192b95\" data-element_type=\"widget\" data-widget_type=\"heading.default\">\n\t\t\t\t<div class=\"elementor-widget-container\">\n\t\t\t\t\t<h2 class=\"elementor-heading-title elementor-size-default\">Conoce a fondo la historia y cultura del pueblo\n<\/h2>\t\t\t\t<\/div>\n\t\t\t\t<\/div>\n\t\t\t\t<div class=\"elementor-element elementor-element-2151bded elementor-widget elementor-widget-text-editor\" data-id=\"2151bded\" data-element_type=\"widget\" data-widget_type=\"text-editor.default\">\n\t\t\t\t<div class=\"elementor-widget-container\">\n\t\t\t\t\t\t\t\t\t<p><span style=\"font-weight: 400;\">Vale, pero, eso de la Prehistoria es de broma, \u00bfno? En absoluto. <\/span><b>Los primeros testimonios de presencia humana en Xeraco se remontan al Paleol\u00edtico Inferior,<\/b><span style=\"font-weight: 400;\"> con hallazgos en la Cova del Vell, y a la Edad del Bronce, con el poblado de la Barcella.<\/span><\/p><p><span style=\"font-weight: 400;\">A partir de ah\u00ed, podemos encontrar ruinas de la \u00e9poca de dominaci\u00f3n musulmana, ya que Xeraco era <\/span><b>una alquer\u00eda que formaba parte de la demarcaci\u00f3n de D\u00e9nia.<\/b><span style=\"font-weight: 400;\"> La localidad fue conquistada por los cristianos en el a\u00f1o 1248.<\/span><\/p><p><span style=\"font-weight: 400;\">En 1479, <\/span><b>Xeraco se convirti\u00f3 en se\u00f1or\u00edo bajo Bernat d\u2019Alm\u00fania<\/b><span style=\"font-weight: 400;\">. La expulsi\u00f3n de los moriscos en 1609 marc\u00f3 un punto de inflexi\u00f3n, provocando un fuerte despoblamiento que se recuper\u00f3 lentamente con la llegada de nuevos colonos.<\/span><\/p>\t\t\t\t\t\t\t\t<\/div>\n\t\t\t\t<\/div>\n\t\t\t\t\t<\/div>\n\t\t\t\t<\/div>\n\t\t<div class=\"elementor-element elementor-element-096c1b3 e-flex e-con-boxed e-con e-parent\" data-id=\"096c1b3\" data-element_type=\"container\">\n\t\t\t\t\t<div class=\"e-con-inner\">\n\t\t\t\t<div class=\"elementor-element elementor-element-3515f33 elementor-widget elementor-widget-heading\" data-id=\"3515f33\" data-element_type=\"widget\" data-widget_type=\"heading.default\">\n\t\t\t\t<div class=\"elementor-widget-container\">\n\t\t\t\t\t<h2 class=\"elementor-heading-title elementor-size-default\">C\u00f3mo llegar y transporte en la zona\n<\/h2>\t\t\t\t<\/div>\n\t\t\t\t<\/div>\n\t\t\t\t<div class=\"elementor-element elementor-element-e47a71b elementor-widget elementor-widget-text-editor\" data-id=\"e47a71b\" data-element_type=\"widget\" data-widget_type=\"text-editor.default\">\n\t\t\t\t<div class=\"elementor-widget-container\">\n\t\t\t\t\t\t\t\t\t<p><span style=\"font-weight: 400;\">\u00bfNo sabes c\u00f3mo llegar a Xeraco? No te preocupes. Aqu\u00ed tienes<\/span><b> los mejores consejos para viajar hasta aqu\u00ed:<\/b><\/p><p><span style=\"font-weight: 400;\">Al gozar de una ubicaci\u00f3n estrat\u00e9gica dentro de la costa valenciana, podr\u00e1s moverte por la zona con total facilidad. Si vas por carretera con tu coche, <\/span><b>tendr\u00e1s que coger la autopista A-7 y salir por la Nacional 332.<\/b><\/p>\t\t\t\t\t\t\t\t<\/div>\n\t\t\t\t<\/div>\n\t\t\t\t\t<\/div>\n\t\t\t\t<\/div>\n\t\t<div class=\"elementor-element elementor-element-f5096eb e-flex e-con-boxed e-con e-parent\" data-id=\"f5096eb\" data-element_type=\"container\">\n\t\t\t\t\t<div class=\"e-con-inner\">\n\t\t<div class=\"elementor-element elementor-element-03078e4 e-con-full e-flex e-con e-child\" data-id=\"03078e4\" data-element_type=\"container\">\n\t\t\t\t<div class=\"elementor-element elementor-element-4c474c2 elementor-widget elementor-widget-text-editor\" data-id=\"4c474c2\" data-element_type=\"widget\" data-widget_type=\"text-editor.default\">\n\t\t\t\t<div class=\"elementor-widget-container\">\n\t\t\t\t\t\t\t\t\t<p><span style=\"font-weight: 400;\">Si por el contrario eliges el tren, <\/span><b>te agradar\u00e1 saber que Xeraco cuenta con una estaci\u00f3n de Cercan\u00edas de Renfe <\/b><span style=\"font-weight: 400;\">que conecta Valencia con Gand\u00eda. Tendr\u00e1s trenes que circulan cada media hora entre semana y cada hora en d\u00edas festivos. Eso s\u00ed, planifica bien el viaje para no esperar m\u00e1s de la cuenta.\u00a0<\/span><\/p><p><b>\u00bfTe encuentras lejos de la zona? <\/b><span style=\"font-weight: 400;\">Puedes llegar a trav\u00e9s de conexiones de larga distancia como trenes de alta velocidad AVE y Euromed. En autob\u00fas, la l\u00ednea L1 conecta Xeraco con los alrededores. <\/span><\/p>\t\t\t\t\t\t\t\t<\/div>\n\t\t\t\t<\/div>\n\t\t\t\t<\/div>\n\t\t<div class=\"elementor-element elementor-element-58864b5 e-con-full e-flex e-con e-child\" data-id=\"58864b5\" data-element_type=\"container\">\n\t\t\t\t<div class=\"elementor-element elementor-element-42f0980 elementor-widget elementor-widget-google_maps\" data-id=\"42f0980\" data-element_type=\"widget\" data-widget_type=\"google_maps.default\">\n\t\t\t\t<div class=\"elementor-widget-container\">\n\t\t\t\t\t\t\t<div class=\"elementor-custom-embed\">\n\t\t\t<iframe loading=\"lazy\"\n\t\t\t\t\tsrc=\"https:\/\/maps.google.com\/maps?q=xeraco&#038;t=m&#038;z=11&#038;output=embed&#038;iwloc=near\"\n\t\t\t\t\ttitle=\"xeraco\"\n\t\t\t\t\taria-label=\"xeraco\"\n\t\t\t><\/iframe>\n\t\t<\/div>\n\t\t\t\t\t\t<\/div>\n\t\t\t\t<\/div>\n\t\t\t\t<\/div>\n\t\t\t\t\t<\/div>\n\t\t\t\t<\/div>\n\t\t<div class=\"elementor-element elementor-element-36ee64b e-flex e-con-boxed e-con e-parent\" data-id=\"36ee64b\" data-element_type=\"container\">\n\t\t\t\t\t<div class=\"e-con-inner\">\n\t\t\t\t<div class=\"elementor-element elementor-element-38d5410 elementor-widget elementor-widget-heading\" data-id=\"38d5410\" data-element_type=\"widget\" data-widget_type=\"heading.default\">\n\t\t\t\t<div class=\"elementor-widget-container\">\n\t\t\t\t\t<h2 class=\"elementor-heading-title elementor-size-default\">Estas son las mejores rutas y paseos en Xeraco\n<\/h2>\t\t\t\t<\/div>\n\t\t\t\t<\/div>\n\t\t\t\t<div class=\"elementor-element elementor-element-f9f172d elementor-widget elementor-widget-text-editor\" data-id=\"f9f172d\" data-element_type=\"widget\" data-widget_type=\"text-editor.default\">\n\t\t\t\t<div class=\"elementor-widget-container\">\n\t\t\t\t\t\t\t\t\t<p><span style=\"font-weight: 400;\">Aunque Xeraco es conocido por sus playas,<\/span><b> tambi\u00e9n es un buen destino para los amantes de la naturaleza y el senderismo<\/b><span style=\"font-weight: 400;\">. Aqu\u00ed te dejamos algunas rutas top por si quieres hacer algo diferente:<\/span><\/p><ul><li style=\"font-weight: 400;\" aria-level=\"1\"><b>Ruta de L&#8217;Esquellot y el Balc\u00f3 del Pla dels Esmoladors<\/b><span style=\"font-weight: 400;\">: una ruta circular que combina la Senda Llarga y la Senda de la Taula. No te preocupes, ya que solo tendr\u00e1s que andar 9,5km de dificultad moderada (entre 3 y 4 horitas). Eso s\u00ed, la parte inicial tiene un ascenso algo m\u00e1s duro.<\/span><\/li><li style=\"font-weight: 400;\" aria-level=\"1\"><b>Ruta de la Font de l&#8217;Ull, la Mina y la Font de l&#8217;Esbarzer<\/b><span style=\"font-weight: 400;\">: una ruta de senderismo que va desde Xeraco hasta la fuente del Xopet y el Pla de les Esmoladors. Lo mejor de esta ruta son sus vistas panor\u00e1micas y que es un recorrido homologado por la Federaci\u00f3n Valenciana de Monta\u00f1ismo.<\/span><\/li><li style=\"font-weight: 400;\" aria-level=\"1\"><b>Paseo por la Playa y el Marjal<\/b>: Si te apetece algo m\u00e1s relajante prueba este relajante paseo por la playa de Xeraco, reconocido con la distinci\u00f3n de la Bandera Azul. Es ideal para ir con toda la familia.<\/li><\/ul>\t\t\t\t\t\t\t\t<\/div>\n\t\t\t\t<\/div>\n\t\t\t\t\t<\/div>\n\t\t\t\t<\/div>\n\t\t<div class=\"elementor-element elementor-element-de66db1 e-flex e-con-boxed e-con e-parent\" data-id=\"de66db1\" data-element_type=\"container\">\n\t\t\t\t\t<div class=\"e-con-inner\">\n\t\t\t\t<div class=\"elementor-element elementor-element-493b0e5 elementor-widget elementor-widget-image\" data-id=\"493b0e5\" data-element_type=\"widget\" data-widget_type=\"image.default\">\n\t\t\t\t<div class=\"elementor-widget-container\">\n\t\t\t\t\t\t\t\t\t\t\t\t\t\t\t<img decoding=\"async\" src=\"https:\/\/www.serviplaya.com\/blog\/wp-content\/uploads\/elementor\/thumbs\/xeraco-pueblo-r357645pxge7kguehjfk39iyc819fcojmnzc28jf5c.jpg\" title=\"Panoramic aerial view of Gandia beach and Montduver mountain at sunrise. Valencian Community, Spain.\" alt=\"xeraco-pueblo.jpg\" loading=\"lazy\" \/>\t\t\t\t\t\t\t\t\t\t\t\t\t\t\t<\/div>\n\t\t\t\t<\/div>\n\t\t\t\t\t<\/div>\n\t\t\t\t<\/div>\n\t\t<div class=\"elementor-element elementor-element-0845f77 e-flex e-con-boxed e-con e-parent\" data-id=\"0845f77\" data-element_type=\"container\">\n\t\t\t\t\t<div class=\"e-con-inner\">\n\t\t\t\t<div class=\"elementor-element elementor-element-afe127d elementor-widget elementor-widget-heading\" data-id=\"afe127d\" data-element_type=\"widget\" data-widget_type=\"heading.default\">\n\t\t\t\t<div class=\"elementor-widget-container\">\n\t\t\t\t\t<h2 class=\"elementor-heading-title elementor-size-default\">Te decimos d\u00f3nde comer y qu\u00e9 platos probar\n<\/h2>\t\t\t\t<\/div>\n\t\t\t\t<\/div>\n\t\t\t\t<div class=\"elementor-element elementor-element-23d45f0 elementor-widget elementor-widget-text-editor\" data-id=\"23d45f0\" data-element_type=\"widget\" data-widget_type=\"text-editor.default\">\n\t\t\t\t<div class=\"elementor-widget-container\">\n\t\t\t\t\t\t\t\t\t<p><span style=\"font-weight: 400;\">Para los conocedores de la gastronom\u00eda valenciana, tenemos el placer de decir que s\u00ed, que aqu\u00ed te podr\u00e1s comer un arroz de esos con los que siempre has so\u00f1ado. Algunos restaurantes como el <\/span><b>Marivent, con vistas al mar y pescados frescos incluyen arroz y frituras<\/b><span style=\"font-weight: 400;\"> en su men\u00fa del d\u00eda.\u00a0<\/span><\/p><p><span style=\"font-weight: 400;\">Otras opciones interesantes son <\/span><b>Capricho n\u00ba8, que ofrece una amplia variedad de carnes a la brasa,<\/b><span style=\"font-weight: 400;\"> ensaladilla rusa y arroces con ingredientes frescos. Rematado todo por su acogedora terraza.\u00a0<\/span><\/p><p><span style=\"font-weight: 400;\">Si buscas algo m\u00e1s alternativo, prueba Kaleo, <\/span><b>un restaurante fusi\u00f3n que ofrece un ambiente de lujo <\/b><span style=\"font-weight: 400;\">y una experiencia culinaria diferente. <\/span><\/p>\t\t\t\t\t\t\t\t<\/div>\n\t\t\t\t<\/div>\n\t\t\t\t\t<\/div>\n\t\t\t\t<\/div>\n\t\t<div class=\"elementor-element elementor-element-308032c e-flex e-con-boxed e-con e-parent\" data-id=\"308032c\" data-element_type=\"container\">\n\t\t\t\t\t<div class=\"e-con-inner\">\n\t\t\t\t<div class=\"elementor-element elementor-element-a80e33d elementor-widget elementor-widget-heading\" data-id=\"a80e33d\" data-element_type=\"widget\" data-widget_type=\"heading.default\">\n\t\t\t\t<div class=\"elementor-widget-container\">\n\t\t\t\t\t<h2 class=\"elementor-heading-title elementor-size-default\">\u00bfPor qu\u00e9 deber\u00edas visitar Xeraco?\n<\/h2>\t\t\t\t<\/div>\n\t\t\t\t<\/div>\n\t\t\t\t<div class=\"elementor-element elementor-element-fbfa30c elementor-widget elementor-widget-text-editor\" data-id=\"fbfa30c\" data-element_type=\"widget\" data-widget_type=\"text-editor.default\">\n\t\t\t\t<div class=\"elementor-widget-container\">\n\t\t\t\t\t\t\t\t\t<p><span style=\"font-weight: 400;\">Visitar Xeraco es una idea fant\u00e1stica si te apetece<\/span><b> tranquilidad, sol, buena comida y combinar playa con patrimonio cultural e hist\u00f3rico.<\/b><span style=\"font-weight: 400;\"> Eso s\u00ed, nada de esto tendr\u00eda sentido si no cuentas con un alojamiento que est\u00e9 a la altura de la experiencia.<\/span><\/p><p><b>Contacta con nosotros para reservar lo antes posible tu alojamiento en Xeraco o Gand\u00eda<\/b><span style=\"font-weight: 400;\">. Te guiaremos en todo el proceso para que consigas un apartamento que cumpla con todas tus expectativas.<\/span><\/p>\t\t\t\t\t\t\t\t<\/div>\n\t\t\t\t<\/div>\n\t\t\t\t\t<\/div>\n\t\t\t\t<\/div>\n\t\t<div class=\"elementor-element elementor-element-28717be e-flex e-con-boxed e-con e-parent\" data-id=\"28717be\" data-element_type=\"container\">\n\t\t\t\t\t<div class=\"e-con-inner\">\n\t\t\t\t<div class=\"elementor-element elementor-element-547bd5e0 elementor-widget elementor-widget-shortcode\" data-id=\"547bd5e0\" data-element_type=\"widget\" data-widget_type=\"shortcode.default\">\n\t\t\t\t<div class=\"elementor-widget-container\">\n\t\t\t\t\t\t\t<div class=\"elementor-shortcode\">\t\t<div data-elementor-type=\"container\" data-elementor-id=\"465\" class=\"elementor elementor-465\" data-elementor-post-type=\"elementor_library\">\n\t\t\t\t<div class=\"elementor-element elementor-element-d673b8f e-flex e-con-boxed e-con e-parent\" data-id=\"d673b8f\" data-element_type=\"container\">\n\t\t\t\t\t<div class=\"e-con-inner\">\n\t\t<div class=\"elementor-element elementor-element-351be922 e-con-full e-flex e-con e-child\" data-id=\"351be922\" data-element_type=\"container\">\n\t\t\t\t<div class=\"elementor-element elementor-element-257d06df elementor-align-justify elementor-widget elementor-widget-button\" data-id=\"257d06df\" data-element_type=\"widget\" data-widget_type=\"button.default\">\n\t\t\t\t<div class=\"elementor-widget-container\">\n\t\t\t\t\t\t\t\t\t<div class=\"elementor-button-wrapper\">\n\t\t\t\t\t<a class=\"elementor-button elementor-button-link elementor-size-sm\" href=\"https:\/\/www.serviplaya.com\/alquiler\/alquileres-xeraco-playa-d40\/\">\n\t\t\t\t\t\t<span class=\"elementor-button-content-wrapper\">\n\t\t\t\t\t\t\t\t\t<span class=\"elementor-button-text\">Alojamientos en Xeraco<\/span>\n\t\t\t\t\t<\/span>\n\t\t\t\t\t<\/a>\n\t\t\t\t<\/div>\n\t\t\t\t\t\t\t\t<\/div>\n\t\t\t\t<\/div>\n\t\t\t\t<\/div>\n\t\t<div class=\"elementor-element elementor-element-204cea53 e-con-full e-flex e-con e-child\" data-id=\"204cea53\" data-element_type=\"container\">\n\t\t\t\t<div class=\"elementor-element elementor-element-2afe3b3 elementor-align-justify elementor-widget elementor-widget-button\" data-id=\"2afe3b3\" data-element_type=\"widget\" data-widget_type=\"button.default\">\n\t\t\t\t<div class=\"elementor-widget-container\">\n\t\t\t\t\t\t\t\t\t<div class=\"elementor-button-wrapper\">\n\t\t\t\t\t<a class=\"elementor-button elementor-button-link elementor-size-sm\" href=\"https:\/\/www.serviplaya.com\/alquiler\/apartamentos-xeraco-playa-c1d40\/\">\n\t\t\t\t\t\t<span class=\"elementor-button-content-wrapper\">\n\t\t\t\t\t\t\t\t\t<span class=\"elementor-button-text\">Apartamentos en Xeraco<\/span>\n\t\t\t\t\t<\/span>\n\t\t\t\t\t<\/a>\n\t\t\t\t<\/div>\n\t\t\t\t\t\t\t\t<\/div>\n\t\t\t\t<\/div>\n\t\t\t\t<\/div>\n\t\t\t\t\t<\/div>\n\t\t\t\t<\/div>\n\t\t\t\t<\/div>\n\t\t<\/div>\n\t\t\t\t\t\t<\/div>\n\t\t\t\t<\/div>\n\t\t\t\t\t<\/div>\n\t\t\t\t<\/div>\n\t\t\t\t<\/div>\n\t\t","protected":false},"excerpt":{"rendered":"<p>Lo bueno de la costa valenciana es que, de vez en cuando, nos revela alg\u00fan que otro tesoro escondido. Este es el caso de Xeraco, una localidad que se ubica entre el mar y la monta\u00f1a en la comarca de Safor. Lo que quiz\u00e1 tampoco sab\u00edas es que su historia se remonta hasta la prehistoria [&hellip;]<\/p>\n","protected":false},"author":2,"featured_media":519,"comment_status":"open","ping_status":"open","sticky":false,"template":"","format":"standard","meta":{"footnotes":""},"categories":[46],"tags":[],"class_list":["post-452","post","type-post","status-publish","format-standard","has-post-thumbnail","hentry","category-xeraco"],"yoast_head":"<!-- This site is optimized with the Yoast SEO plugin v25.2 - https:\/\/yoast.com\/wordpress\/plugins\/seo\/ -->\n<title>Esta es la gu\u00eda definitiva sobre qu\u00e9 ver en Xeraco - Alquiler en Gand\u00eda y Xeraco<\/title>\n<meta name=\"description\" content=\"Descubre el chiringuito de Xeraco, el lugar perfecto para disfrutar de la playa, la buena comida y un ambiente relajado junto al mar.\" \/>\n<meta name=\"robots\" content=\"index, follow, max-snippet:-1, max-image-preview:large, max-video-preview:-1\" \/>\n<link rel=\"canonical\" href=\"https:\/\/www.serviplaya.com\/blog\/esta-es-la-guia-definitiva-sobre-que-ver-en-xeraco\/\" \/>\n<meta property=\"og:locale\" content=\"es_ES\" \/>\n<meta property=\"og:type\" content=\"article\" \/>\n<meta property=\"og:title\" content=\"Esta es la gu\u00eda definitiva sobre qu\u00e9 ver en Xeraco - Alquiler en Gand\u00eda y Xeraco\" \/>\n<meta property=\"og:description\" content=\"Descubre el chiringuito de Xeraco, el lugar perfecto para disfrutar de la playa, la buena comida y un ambiente relajado junto al mar.\" \/>\n<meta property=\"og:url\" content=\"https:\/\/www.serviplaya.com\/blog\/esta-es-la-guia-definitiva-sobre-que-ver-en-xeraco\/\" \/>\n<meta property=\"og:site_name\" content=\"Alquiler en Gand\u00eda y Xeraco\" \/>\n<meta property=\"article:published_time\" content=\"2025-03-20T15:37:31+00:00\" \/>\n<meta property=\"article:modified_time\" content=\"2025-03-20T15:38:58+00:00\" \/>\n<meta property=\"og:image\" content=\"https:\/\/www.serviplaya.com\/blog\/wp-content\/uploads\/2025\/03\/pueblo-xeraco.jpg\" \/>\n\t<meta property=\"og:image:width\" content=\"1920\" \/>\n\t<meta property=\"og:image:height\" content=\"683\" \/>\n\t<meta property=\"og:image:type\" content=\"image\/jpeg\" \/>\n<meta name=\"author\" content=\"digitalservices@avantio.com\" \/>\n<meta name=\"twitter:card\" content=\"summary_large_image\" \/>\n<meta name=\"twitter:label1\" content=\"Escrito por\" \/>\n\t<meta name=\"twitter:data1\" content=\"digitalservices@avantio.com\" \/>\n\t<meta name=\"twitter:label2\" content=\"Tiempo de lectura\" \/>\n\t<meta name=\"twitter:data2\" content=\"6 minutos\" \/>\n<script type=\"application\/ld+json\" class=\"yoast-schema-graph\">{\"@context\":\"https:\/\/schema.org\",\"@graph\":[{\"@type\":\"Article\",\"@id\":\"https:\/\/www.serviplaya.com\/blog\/esta-es-la-guia-definitiva-sobre-que-ver-en-xeraco\/#article\",\"isPartOf\":{\"@id\":\"https:\/\/www.serviplaya.com\/blog\/esta-es-la-guia-definitiva-sobre-que-ver-en-xeraco\/\"},\"author\":{\"name\":\"digitalservices@avantio.com\",\"@id\":\"https:\/\/www.serviplaya.com\/blog\/#\/schema\/person\/1d04c7cdba0745f9884f23b9a0418252\"},\"headline\":\"Esta es la gu\u00eda definitiva sobre qu\u00e9 ver en Xeraco\",\"datePublished\":\"2025-03-20T15:37:31+00:00\",\"dateModified\":\"2025-03-20T15:38:58+00:00\",\"mainEntityOfPage\":{\"@id\":\"https:\/\/www.serviplaya.com\/blog\/esta-es-la-guia-definitiva-sobre-que-ver-en-xeraco\/\"},\"wordCount\":1094,\"commentCount\":0,\"publisher\":{\"@id\":\"https:\/\/www.serviplaya.com\/blog\/#organization\"},\"image\":{\"@id\":\"https:\/\/www.serviplaya.com\/blog\/esta-es-la-guia-definitiva-sobre-que-ver-en-xeraco\/#primaryimage\"},\"thumbnailUrl\":\"https:\/\/www.serviplaya.com\/blog\/wp-content\/uploads\/2025\/03\/pueblo-xeraco.jpg\",\"articleSection\":[\"Xeraco\"],\"inLanguage\":\"es\",\"potentialAction\":[{\"@type\":\"CommentAction\",\"name\":\"Comment\",\"target\":[\"https:\/\/www.serviplaya.com\/blog\/esta-es-la-guia-definitiva-sobre-que-ver-en-xeraco\/#respond\"]}]},{\"@type\":\"WebPage\",\"@id\":\"https:\/\/www.serviplaya.com\/blog\/esta-es-la-guia-definitiva-sobre-que-ver-en-xeraco\/\",\"url\":\"https:\/\/www.serviplaya.com\/blog\/esta-es-la-guia-definitiva-sobre-que-ver-en-xeraco\/\",\"name\":\"Esta es la gu\u00eda definitiva sobre qu\u00e9 ver en Xeraco - Alquiler en Gand\u00eda y Xeraco\",\"isPartOf\":{\"@id\":\"https:\/\/www.serviplaya.com\/blog\/#website\"},\"primaryImageOfPage\":{\"@id\":\"https:\/\/www.serviplaya.com\/blog\/esta-es-la-guia-definitiva-sobre-que-ver-en-xeraco\/#primaryimage\"},\"image\":{\"@id\":\"https:\/\/www.serviplaya.com\/blog\/esta-es-la-guia-definitiva-sobre-que-ver-en-xeraco\/#primaryimage\"},\"thumbnailUrl\":\"https:\/\/www.serviplaya.com\/blog\/wp-content\/uploads\/2025\/03\/pueblo-xeraco.jpg\",\"datePublished\":\"2025-03-20T15:37:31+00:00\",\"dateModified\":\"2025-03-20T15:38:58+00:00\",\"description\":\"Descubre el chiringuito de Xeraco, el lugar perfecto para disfrutar de la playa, la buena comida y un ambiente relajado junto al mar.\",\"breadcrumb\":{\"@id\":\"https:\/\/www.serviplaya.com\/blog\/esta-es-la-guia-definitiva-sobre-que-ver-en-xeraco\/#breadcrumb\"},\"inLanguage\":\"es\",\"potentialAction\":[{\"@type\":\"ReadAction\",\"target\":[\"https:\/\/www.serviplaya.com\/blog\/esta-es-la-guia-definitiva-sobre-que-ver-en-xeraco\/\"]}]},{\"@type\":\"ImageObject\",\"inLanguage\":\"es\",\"@id\":\"https:\/\/www.serviplaya.com\/blog\/esta-es-la-guia-definitiva-sobre-que-ver-en-xeraco\/#primaryimage\",\"url\":\"https:\/\/www.serviplaya.com\/blog\/wp-content\/uploads\/2025\/03\/pueblo-xeraco.jpg\",\"contentUrl\":\"https:\/\/www.serviplaya.com\/blog\/wp-content\/uploads\/2025\/03\/pueblo-xeraco.jpg\",\"width\":1920,\"height\":683,\"caption\":\"que ver en pueblo xeraco\"},{\"@type\":\"BreadcrumbList\",\"@id\":\"https:\/\/www.serviplaya.com\/blog\/esta-es-la-guia-definitiva-sobre-que-ver-en-xeraco\/#breadcrumb\",\"itemListElement\":[{\"@type\":\"ListItem\",\"position\":1,\"name\":\"Portada\",\"item\":\"https:\/\/www.serviplaya.com\/blog\/\"},{\"@type\":\"ListItem\",\"position\":2,\"name\":\"Esta es la gu\u00eda definitiva sobre qu\u00e9 ver en Xeraco\"}]},{\"@type\":\"WebSite\",\"@id\":\"https:\/\/www.serviplaya.com\/blog\/#website\",\"url\":\"https:\/\/www.serviplaya.com\/blog\/\",\"name\":\"Alquiler en Gand\u00eda y Xeraco\",\"description\":\"SERVIPLAYA\",\"publisher\":{\"@id\":\"https:\/\/www.serviplaya.com\/blog\/#organization\"},\"potentialAction\":[{\"@type\":\"SearchAction\",\"target\":{\"@type\":\"EntryPoint\",\"urlTemplate\":\"https:\/\/www.serviplaya.com\/blog\/?s={search_term_string}\"},\"query-input\":{\"@type\":\"PropertyValueSpecification\",\"valueRequired\":true,\"valueName\":\"search_term_string\"}}],\"inLanguage\":\"es\"},{\"@type\":\"Organization\",\"@id\":\"https:\/\/www.serviplaya.com\/blog\/#organization\",\"name\":\"Alquiler en Gand\u00eda y Xeraco\",\"url\":\"https:\/\/www.serviplaya.com\/blog\/\",\"logo\":{\"@type\":\"ImageObject\",\"inLanguage\":\"es\",\"@id\":\"https:\/\/www.serviplaya.com\/blog\/#\/schema\/logo\/image\/\",\"url\":\"https:\/\/www.serviplaya.com\/blog\/wp-content\/uploads\/2024\/12\/cropped-logo-3.png\",\"contentUrl\":\"https:\/\/www.serviplaya.com\/blog\/wp-content\/uploads\/2024\/12\/cropped-logo-3.png\",\"width\":600,\"height\":143,\"caption\":\"Alquiler en Gand\u00eda y Xeraco\"},\"image\":{\"@id\":\"https:\/\/www.serviplaya.com\/blog\/#\/schema\/logo\/image\/\"}},{\"@type\":\"Person\",\"@id\":\"https:\/\/www.serviplaya.com\/blog\/#\/schema\/person\/1d04c7cdba0745f9884f23b9a0418252\",\"name\":\"digitalservices@avantio.com\",\"image\":{\"@type\":\"ImageObject\",\"inLanguage\":\"es\",\"@id\":\"https:\/\/www.serviplaya.com\/blog\/#\/schema\/person\/image\/\",\"url\":\"https:\/\/secure.gravatar.com\/avatar\/af30f88a1904294c1f3eb09a9d7903eec4ffa18fa2cf40c28a8681014ecdfc20?s=96&d=mm&r=g\",\"contentUrl\":\"https:\/\/secure.gravatar.com\/avatar\/af30f88a1904294c1f3eb09a9d7903eec4ffa18fa2cf40c28a8681014ecdfc20?s=96&d=mm&r=g\",\"caption\":\"digitalservices@avantio.com\"},\"url\":\"https:\/\/www.serviplaya.com\/blog\/author\/digitalservicesavantio-com\/\"}]}<\/script>\n<!-- \/ Yoast SEO plugin. -->","yoast_head_json":{"title":"Esta es la gu\u00eda definitiva sobre qu\u00e9 ver en Xeraco - Alquiler en Gand\u00eda y Xeraco","description":"Descubre el chiringuito de Xeraco, el lugar perfecto para disfrutar de la playa, la buena comida y un ambiente relajado junto al mar.","robots":{"index":"index","follow":"follow","max-snippet":"max-snippet:-1","max-image-preview":"max-image-preview:large","max-video-preview":"max-video-preview:-1"},"canonical":"https:\/\/www.serviplaya.com\/blog\/esta-es-la-guia-definitiva-sobre-que-ver-en-xeraco\/","og_locale":"es_ES","og_type":"article","og_title":"Esta es la gu\u00eda definitiva sobre qu\u00e9 ver en Xeraco - Alquiler en Gand\u00eda y Xeraco","og_description":"Descubre el chiringuito de Xeraco, el lugar perfecto para disfrutar de la playa, la buena comida y un ambiente relajado junto al mar.","og_url":"https:\/\/www.serviplaya.com\/blog\/esta-es-la-guia-definitiva-sobre-que-ver-en-xeraco\/","og_site_name":"Alquiler en Gand\u00eda y Xeraco","article_published_time":"2025-03-20T15:37:31+00:00","article_modified_time":"2025-03-20T15:38:58+00:00","og_image":[{"width":1920,"height":683,"url":"https:\/\/www.serviplaya.com\/blog\/wp-content\/uploads\/2025\/03\/pueblo-xeraco.jpg","type":"image\/jpeg"}],"author":"digitalservices@avantio.com","twitter_card":"summary_large_image","twitter_misc":{"Escrito por":"digitalservices@avantio.com","Tiempo de lectura":"6 minutos"},"schema":{"@context":"https:\/\/schema.org","@graph":[{"@type":"Article","@id":"https:\/\/www.serviplaya.com\/blog\/esta-es-la-guia-definitiva-sobre-que-ver-en-xeraco\/#article","isPartOf":{"@id":"https:\/\/www.serviplaya.com\/blog\/esta-es-la-guia-definitiva-sobre-que-ver-en-xeraco\/"},"author":{"name":"digitalservices@avantio.com","@id":"https:\/\/www.serviplaya.com\/blog\/#\/schema\/person\/1d04c7cdba0745f9884f23b9a0418252"},"headline":"Esta es la gu\u00eda definitiva sobre qu\u00e9 ver en Xeraco","datePublished":"2025-03-20T15:37:31+00:00","dateModified":"2025-03-20T15:38:58+00:00","mainEntityOfPage":{"@id":"https:\/\/www.serviplaya.com\/blog\/esta-es-la-guia-definitiva-sobre-que-ver-en-xeraco\/"},"wordCount":1094,"commentCount":0,"publisher":{"@id":"https:\/\/www.serviplaya.com\/blog\/#organization"},"image":{"@id":"https:\/\/www.serviplaya.com\/blog\/esta-es-la-guia-definitiva-sobre-que-ver-en-xeraco\/#primaryimage"},"thumbnailUrl":"https:\/\/www.serviplaya.com\/blog\/wp-content\/uploads\/2025\/03\/pueblo-xeraco.jpg","articleSection":["Xeraco"],"inLanguage":"es","potentialAction":[{"@type":"CommentAction","name":"Comment","target":["https:\/\/www.serviplaya.com\/blog\/esta-es-la-guia-definitiva-sobre-que-ver-en-xeraco\/#respond"]}]},{"@type":"WebPage","@id":"https:\/\/www.serviplaya.com\/blog\/esta-es-la-guia-definitiva-sobre-que-ver-en-xeraco\/","url":"https:\/\/www.serviplaya.com\/blog\/esta-es-la-guia-definitiva-sobre-que-ver-en-xeraco\/","name":"Esta es la gu\u00eda definitiva sobre qu\u00e9 ver en Xeraco - Alquiler en Gand\u00eda y Xeraco","isPartOf":{"@id":"https:\/\/www.serviplaya.com\/blog\/#website"},"primaryImageOfPage":{"@id":"https:\/\/www.serviplaya.com\/blog\/esta-es-la-guia-definitiva-sobre-que-ver-en-xeraco\/#primaryimage"},"image":{"@id":"https:\/\/www.serviplaya.com\/blog\/esta-es-la-guia-definitiva-sobre-que-ver-en-xeraco\/#primaryimage"},"thumbnailUrl":"https:\/\/www.serviplaya.com\/blog\/wp-content\/uploads\/2025\/03\/pueblo-xeraco.jpg","datePublished":"2025-03-20T15:37:31+00:00","dateModified":"2025-03-20T15:38:58+00:00","description":"Descubre el chiringuito de Xeraco, el lugar perfecto para disfrutar de la playa, la buena comida y un ambiente relajado junto al mar.","breadcrumb":{"@id":"https:\/\/www.serviplaya.com\/blog\/esta-es-la-guia-definitiva-sobre-que-ver-en-xeraco\/#breadcrumb"},"inLanguage":"es","potentialAction":[{"@type":"ReadAction","target":["https:\/\/www.serviplaya.com\/blog\/esta-es-la-guia-definitiva-sobre-que-ver-en-xeraco\/"]}]},{"@type":"ImageObject","inLanguage":"es","@id":"https:\/\/www.serviplaya.com\/blog\/esta-es-la-guia-definitiva-sobre-que-ver-en-xeraco\/#primaryimage","url":"https:\/\/www.serviplaya.com\/blog\/wp-content\/uploads\/2025\/03\/pueblo-xeraco.jpg","contentUrl":"https:\/\/www.serviplaya.com\/blog\/wp-content\/uploads\/2025\/03\/pueblo-xeraco.jpg","width":1920,"height":683,"caption":"que ver en pueblo xeraco"},{"@type":"BreadcrumbList","@id":"https:\/\/www.serviplaya.com\/blog\/esta-es-la-guia-definitiva-sobre-que-ver-en-xeraco\/#breadcrumb","itemListElement":[{"@type":"ListItem","position":1,"name":"Portada","item":"https:\/\/www.serviplaya.com\/blog\/"},{"@type":"ListItem","position":2,"name":"Esta es la gu\u00eda definitiva sobre qu\u00e9 ver en Xeraco"}]},{"@type":"WebSite","@id":"https:\/\/www.serviplaya.com\/blog\/#website","url":"https:\/\/www.serviplaya.com\/blog\/","name":"Alquiler en Gand\u00eda y Xeraco","description":"SERVIPLAYA","publisher":{"@id":"https:\/\/www.serviplaya.com\/blog\/#organization"},"potentialAction":[{"@type":"SearchAction","target":{"@type":"EntryPoint","urlTemplate":"https:\/\/www.serviplaya.com\/blog\/?s={search_term_string}"},"query-input":{"@type":"PropertyValueSpecification","valueRequired":true,"valueName":"search_term_string"}}],"inLanguage":"es"},{"@type":"Organization","@id":"https:\/\/www.serviplaya.com\/blog\/#organization","name":"Alquiler en Gand\u00eda y Xeraco","url":"https:\/\/www.serviplaya.com\/blog\/","logo":{"@type":"ImageObject","inLanguage":"es","@id":"https:\/\/www.serviplaya.com\/blog\/#\/schema\/logo\/image\/","url":"https:\/\/www.serviplaya.com\/blog\/wp-content\/uploads\/2024\/12\/cropped-logo-3.png","contentUrl":"https:\/\/www.serviplaya.com\/blog\/wp-content\/uploads\/2024\/12\/cropped-logo-3.png","width":600,"height":143,"caption":"Alquiler en Gand\u00eda y Xeraco"},"image":{"@id":"https:\/\/www.serviplaya.com\/blog\/#\/schema\/logo\/image\/"}},{"@type":"Person","@id":"https:\/\/www.serviplaya.com\/blog\/#\/schema\/person\/1d04c7cdba0745f9884f23b9a0418252","name":"digitalservices@avantio.com","image":{"@type":"ImageObject","inLanguage":"es","@id":"https:\/\/www.serviplaya.com\/blog\/#\/schema\/person\/image\/","url":"https:\/\/secure.gravatar.com\/avatar\/af30f88a1904294c1f3eb09a9d7903eec4ffa18fa2cf40c28a8681014ecdfc20?s=96&d=mm&r=g","contentUrl":"https:\/\/secure.gravatar.com\/avatar\/af30f88a1904294c1f3eb09a9d7903eec4ffa18fa2cf40c28a8681014ecdfc20?s=96&d=mm&r=g","caption":"digitalservices@avantio.com"},"url":"https:\/\/www.serviplaya.com\/blog\/author\/digitalservicesavantio-com\/"}]}},"_links":{"self":[{"href":"https:\/\/www.serviplaya.com\/blog\/wp-json\/wp\/v2\/posts\/452","targetHints":{"allow":["GET"]}}],"collection":[{"href":"https:\/\/www.serviplaya.com\/blog\/wp-json\/wp\/v2\/posts"}],"about":[{"href":"https:\/\/www.serviplaya.com\/blog\/wp-json\/wp\/v2\/types\/post"}],"author":[{"embeddable":true,"href":"https:\/\/www.serviplaya.com\/blog\/wp-json\/wp\/v2\/users\/2"}],"replies":[{"embeddable":true,"href":"https:\/\/www.serviplaya.com\/blog\/wp-json\/wp\/v2\/comments?post=452"}],"version-history":[{"count":10,"href":"https:\/\/www.serviplaya.com\/blog\/wp-json\/wp\/v2\/posts\/452\/revisions"}],"predecessor-version":[{"id":534,"href":"https:\/\/www.serviplaya.com\/blog\/wp-json\/wp\/v2\/posts\/452\/revisions\/534"}],"wp:featuredmedia":[{"embeddable":true,"href":"https:\/\/www.serviplaya.com\/blog\/wp-json\/wp\/v2\/media\/519"}],"wp:attachment":[{"href":"https:\/\/www.serviplaya.com\/blog\/wp-json\/wp\/v2\/media?parent=452"}],"wp:term":[{"taxonomy":"category","embeddable":true,"href":"https:\/\/www.serviplaya.com\/blog\/wp-json\/wp\/v2\/categories?post=452"},{"taxonomy":"post_tag","embeddable":true,"href":"https:\/\/www.serviplaya.com\/blog\/wp-json\/wp\/v2\/tags?post=452"}],"curies":[{"name":"wp","href":"https:\/\/api.w.org\/{rel}","templated":true}]}}