{"id":675,"date":"2025-05-13T08:20:19","date_gmt":"2025-05-13T08:20:19","guid":{"rendered":"https:\/\/www.serviplaya.com\/blog\/?p=675"},"modified":"2025-06-13T09:41:46","modified_gmt":"2025-06-13T09:41:46","slug":"calas-gandia","status":"publish","type":"post","link":"https:\/\/www.serviplaya.com\/blog\/calas-gandia\/","title":{"rendered":"\u00bfVas a Gand\u00eda y a\u00fan no conoces sus calas? Aqu\u00ed te dejamos esta gu\u00eda completa."},"content":{"rendered":"\t\t<div data-elementor-type=\"wp-post\" data-elementor-id=\"675\" class=\"elementor elementor-675\" data-elementor-post-type=\"post\">\n\t\t\t\t<div class=\"elementor-element elementor-element-62a479a7 e-flex e-con-boxed e-con e-parent\" data-id=\"62a479a7\" data-element_type=\"container\">\n\t\t\t\t\t<div class=\"e-con-inner\">\n\t\t\t\t<div class=\"elementor-element elementor-element-49985b23 elementor-widget elementor-widget-text-editor\" data-id=\"49985b23\" data-element_type=\"widget\" data-widget_type=\"text-editor.default\">\n\t\t\t\t<div class=\"elementor-widget-container\">\n\t\t\t\t\t\t\t\t\t<p><span style=\"font-weight: 400;\">No te vamos a decir que sea un error imperdonable por tu parte porque para todo tiene que haber una primera vez. Pero, lo que s\u00ed ser\u00eda un gran desacierto es negarte a<\/span><b> conocer de primera mano alguna de las m\u00e1gicas calas de Gand\u00eda<\/b><span style=\"font-weight: 400;\"> despu\u00e9s de leer este art\u00edculo.<\/span><\/p><p><span style=\"font-weight: 400;\">Ya sabes de sobra que Gand\u00eda es <\/span><b>uno de esos lugares que no dejan indiferente a nadie a la hora de veranear<\/b><span style=\"font-weight: 400;\"> y vivir una escapada de relax. Ya sea solo, en pareja o con amigos y familiares, Gand\u00eda nunca decepciona, y las calas est\u00e1n a la altura de las mejores de Espa\u00f1a (y m\u00e1s all\u00e1).<\/span><\/p><p><span style=\"font-weight: 400;\">A continuaci\u00f3n,<\/span><b> te contamos todo sobre las mejores calas de Gand\u00eda<\/b><span style=\"font-weight: 400;\">, lo que incluyen y algunos consejos para disfrutar tu visita al m\u00e1ximo. \u00a1Toma nota!<\/span><\/p>\t\t\t\t\t\t\t\t<\/div>\n\t\t\t\t<\/div>\n\t\t\t\t\t<\/div>\n\t\t\t\t<\/div>\n\t\t<div class=\"elementor-element elementor-element-2b1c8883 e-flex e-con-boxed e-con e-parent\" data-id=\"2b1c8883\" data-element_type=\"container\">\n\t\t\t\t\t<div class=\"e-con-inner\">\n\t\t\t\t<div class=\"elementor-element elementor-element-2ca1caba elementor-widget elementor-widget-table-of-contents\" data-id=\"2ca1caba\" data-element_type=\"widget\" data-settings=\"{&quot;headings_by_tags&quot;:[&quot;h2&quot;,&quot;h3&quot;],&quot;exclude_headings_by_selector&quot;:[],&quot;marker_view&quot;:&quot;bullets&quot;,&quot;icon&quot;:{&quot;value&quot;:&quot;&quot;,&quot;library&quot;:&quot;&quot;},&quot;no_headings_message&quot;:&quot;No headings were found on this page.&quot;,&quot;hierarchical_view&quot;:&quot;yes&quot;,&quot;min_height&quot;:{&quot;unit&quot;:&quot;px&quot;,&quot;size&quot;:&quot;&quot;,&quot;sizes&quot;:[]},&quot;min_height_tablet&quot;:{&quot;unit&quot;:&quot;px&quot;,&quot;size&quot;:&quot;&quot;,&quot;sizes&quot;:[]},&quot;min_height_mobile&quot;:{&quot;unit&quot;:&quot;px&quot;,&quot;size&quot;:&quot;&quot;,&quot;sizes&quot;:[]}}\" data-widget_type=\"table-of-contents.default\">\n\t\t\t\t<div class=\"elementor-widget-container\">\n\t\t\t\t\t\t\t<div class=\"elementor-toc__header\">\n\t\t\t<div class=\"elementor-toc__header-title\">\n\t\t\t\t\u00cdndice\t\t\t<\/div>\n\t\t\t\t\t<\/div>\n\t\t<div id=\"elementor-toc__2ca1caba\" class=\"elementor-toc__body\">\n\t\t\t<div class=\"elementor-toc__spinner-container\">\n\t\t\t\t<svg class=\"elementor-toc__spinner eicon-animation-spin e-font-icon-svg e-eicon-loading\" aria-hidden=\"true\" viewBox=\"0 0 1000 1000\" xmlns=\"http:\/\/www.w3.org\/2000\/svg\"><path d=\"M500 975V858C696 858 858 696 858 500S696 142 500 142 142 304 142 500H25C25 237 238 25 500 25S975 237 975 500 763 975 500 975Z\"><\/path><\/svg>\t\t\t<\/div>\n\t\t<\/div>\n\t\t\t\t\t\t<\/div>\n\t\t\t\t<\/div>\n\t\t\t\t\t<\/div>\n\t\t\t\t<\/div>\n\t\t<div class=\"elementor-element elementor-element-ba8916e e-flex e-con-boxed e-con e-parent\" data-id=\"ba8916e\" data-element_type=\"container\">\n\t\t\t\t\t<div class=\"e-con-inner\">\n\t\t\t\t<div class=\"elementor-element elementor-element-4f72aa7 elementor-position-left elementor-vertical-align-middle elementor-view-default elementor-mobile-position-top elementor-widget elementor-widget-icon-box\" data-id=\"4f72aa7\" data-element_type=\"widget\" data-widget_type=\"icon-box.default\">\n\t\t\t\t<div class=\"elementor-widget-container\">\n\t\t\t\t\t\t\t<div class=\"elementor-icon-box-wrapper\">\n\n\t\t\t\t\t\t<div class=\"elementor-icon-box-icon\">\n\t\t\t\t<span  class=\"elementor-icon\">\n\t\t\t\t<svg aria-hidden=\"true\" class=\"e-font-icon-svg e-fas-info-circle\" viewBox=\"0 0 512 512\" xmlns=\"http:\/\/www.w3.org\/2000\/svg\"><path d=\"M256 8C119.043 8 8 119.083 8 256c0 136.997 111.043 248 248 248s248-111.003 248-248C504 119.083 392.957 8 256 8zm0 110c23.196 0 42 18.804 42 42s-18.804 42-42 42-42-18.804-42-42 18.804-42 42-42zm56 254c0 6.627-5.373 12-12 12h-88c-6.627 0-12-5.373-12-12v-24c0-6.627 5.373-12 12-12h12v-64h-12c-6.627 0-12-5.373-12-12v-24c0-6.627 5.373-12 12-12h64c6.627 0 12 5.373 12 12v100h12c6.627 0 12 5.373 12 12v24z\"><\/path><\/svg>\t\t\t\t<\/span>\n\t\t\t<\/div>\n\t\t\t\n\t\t\t\t\t\t<div class=\"elementor-icon-box-content\">\n\n\t\t\t\t\t\t\t\t\t<h3 class=\"elementor-icon-box-title\">\n\t\t\t\t\t\t<span  >\n\t\t\t\t\t\t\t\u00a1Ojo! En Gand\u00eda no hay calas pers\u00e9\t\t\t\t\t\t<\/span>\n\t\t\t\t\t<\/h3>\n\t\t\t\t\n\t\t\t\t\t\t\t\t\t<p class=\"elementor-icon-box-description\">\n\t\t\t\t\t\tSi algo caracteriza a Gand\u00eda es por sus playas kilom\u00e9tricas llenas de chiringuitos y de vida. Sin embargo, podemos categorizar como \"calas\" aquellos segmentos \u00fanicos de las playas que separa el puerto.\t\t\t\t\t<\/p>\n\t\t\t\t\n\t\t\t<\/div>\n\t\t\t\n\t\t<\/div>\n\t\t\t\t\t\t<\/div>\n\t\t\t\t<\/div>\n\t\t\t\t\t<\/div>\n\t\t\t\t<\/div>\n\t\t<div class=\"elementor-element elementor-element-4c176d1a e-flex e-con-boxed e-con e-parent\" data-id=\"4c176d1a\" data-element_type=\"container\">\n\t\t\t\t\t<div class=\"e-con-inner\">\n\t\t\t\t<div class=\"elementor-element elementor-element-212fb8f4 elementor-widget elementor-widget-heading\" data-id=\"212fb8f4\" data-element_type=\"widget\" data-widget_type=\"heading.default\">\n\t\t\t\t<div class=\"elementor-widget-container\">\n\t\t\t\t\t<h2 class=\"elementor-heading-title elementor-size-default\">Estas son las mejores calas de Gand\u00eda \n<\/h2>\t\t\t\t<\/div>\n\t\t\t\t<\/div>\n\t\t\t\t<div class=\"elementor-element elementor-element-3680ac0f elementor-widget elementor-widget-text-editor\" data-id=\"3680ac0f\" data-element_type=\"widget\" data-widget_type=\"text-editor.default\">\n\t\t\t\t<div class=\"elementor-widget-container\">\n\t\t\t\t\t\t\t\t\t<p><span style=\"font-weight: 400;\">Ya sabemos que lo primero que se te pasa por la cabeza cuando piensas en Gand\u00eda es su playa urbana. Esa que <\/span><b>la gran mayor\u00eda de turistas visitan con entusiasmo<\/b><span style=\"font-weight: 400;\"> pero, que, como es l\u00f3gico, se termina llenando hasta los topes.<\/span><\/p><p><span style=\"font-weight: 400;\">Por eso, hoy queremos plantearte <\/span><b>algunas alternativas interesantes <\/b><span style=\"font-weight: 400;\">que tendr\u00edas que estar apuntando ya para tu pr\u00f3xima visita: <\/span><\/p>\t\t\t\t\t\t\t\t<\/div>\n\t\t\t\t<\/div>\n\t\t\t\t\t<\/div>\n\t\t\t\t<\/div>\n\t\t<div class=\"elementor-element elementor-element-66862a86 e-flex e-con-boxed e-con e-parent\" data-id=\"66862a86\" data-element_type=\"container\">\n\t\t\t\t\t<div class=\"e-con-inner\">\n\t\t\t\t<div class=\"elementor-element elementor-element-154bfd27 elementor-widget elementor-widget-heading\" data-id=\"154bfd27\" data-element_type=\"widget\" data-widget_type=\"heading.default\">\n\t\t\t\t<div class=\"elementor-widget-container\">\n\t\t\t\t\t<h3 class=\"elementor-heading-title elementor-size-default\">Playa de L\u2019Ahuir\n<\/h3>\t\t\t\t<\/div>\n\t\t\t\t<\/div>\n\t\t\t\t\t<\/div>\n\t\t\t\t<\/div>\n\t\t<div class=\"elementor-element elementor-element-853bdcd e-flex e-con-boxed e-con e-parent\" data-id=\"853bdcd\" data-element_type=\"container\">\n\t\t\t\t\t<div class=\"e-con-inner\">\n\t\t<div class=\"elementor-element elementor-element-3721bbb e-con-full e-flex e-con e-child\" data-id=\"3721bbb\" data-element_type=\"container\">\n\t\t\t\t<div class=\"elementor-element elementor-element-3dfddeb8 elementor-widget elementor-widget-text-editor\" data-id=\"3dfddeb8\" data-element_type=\"widget\" data-widget_type=\"text-editor.default\">\n\t\t\t\t<div class=\"elementor-widget-container\">\n\t\t\t\t\t\t\t\t\t<p><span style=\"font-weight: 400;\">Si eres de los que buscan desconectar de verdad, L\u2019Ahuir es el mejor sitio al que puedes ir. <\/span><b>Se trata de una playa semi virgen ubicada en la zona norte de Gand\u00eda<\/b><span style=\"font-weight: 400;\"> y, en cuanto la veas, tendr\u00e1s la sensaci\u00f3n de que es como una lengua de arena fina rodeada por un cord\u00f3n de dunas. A grandes rasgos, se podr\u00eda decir que es un peque\u00f1o para\u00edso protegido del resto del mundo.\u00a0\u00a0<\/span><\/p><p><span style=\"font-weight: 400;\">No te vamos a mentir, aqu\u00ed no hay ni edificios lujosos ni un ambiente ultra festivo, as\u00ed que, si buscas eso, te has equivocado de playa. <\/span><b>Lo que s\u00ed que hay es naturaleza en estado puro<\/b><span style=\"font-weight: 400;\">, una zona canina si viajas con tu peludo e incluso una zona habilitada para la pr\u00e1ctica del nudismo. <\/span><\/p>\t\t\t\t\t\t\t\t<\/div>\n\t\t\t\t<\/div>\n\t\t\t\t<\/div>\n\t\t<div class=\"elementor-element elementor-element-c46d2ce e-con-full e-flex e-con e-child\" data-id=\"c46d2ce\" data-element_type=\"container\">\n\t\t\t\t<div class=\"elementor-element elementor-element-9359185 elementor-widget elementor-widget-image\" data-id=\"9359185\" data-element_type=\"widget\" data-widget_type=\"image.default\">\n\t\t\t\t<div class=\"elementor-widget-container\">\n\t\t\t\t\t\t\t\t\t\t\t\t\t\t\t<img fetchpriority=\"high\" decoding=\"async\" width=\"800\" height=\"464\" src=\"https:\/\/www.serviplaya.com\/blog\/wp-content\/uploads\/2025\/05\/Playa-de-LAhuir-1024x594.jpg\" class=\"attachment-large size-large wp-image-695\" alt=\"Playa de L\u2019Ahuir\" srcset=\"https:\/\/www.serviplaya.com\/blog\/wp-content\/uploads\/2025\/05\/Playa-de-LAhuir-1024x594.jpg 1024w, https:\/\/www.serviplaya.com\/blog\/wp-content\/uploads\/2025\/05\/Playa-de-LAhuir-300x174.jpg 300w, https:\/\/www.serviplaya.com\/blog\/wp-content\/uploads\/2025\/05\/Playa-de-LAhuir-768x446.jpg 768w, https:\/\/www.serviplaya.com\/blog\/wp-content\/uploads\/2025\/05\/Playa-de-LAhuir.jpg 1373w\" sizes=\"(max-width: 800px) 100vw, 800px\" \/>\t\t\t\t\t\t\t\t\t\t\t\t\t\t\t<\/div>\n\t\t\t\t<\/div>\n\t\t\t\t<\/div>\n\t\t\t\t\t<\/div>\n\t\t\t\t<\/div>\n\t\t<div class=\"elementor-element elementor-element-f649946 e-flex e-con-boxed e-con e-parent\" data-id=\"f649946\" data-element_type=\"container\">\n\t\t\t\t\t<div class=\"e-con-inner\">\n\t\t\t\t<div class=\"elementor-element elementor-element-6e6ff21 elementor-widget elementor-widget-heading\" data-id=\"6e6ff21\" data-element_type=\"widget\" data-widget_type=\"heading.default\">\n\t\t\t\t<div class=\"elementor-widget-container\">\n\t\t\t\t\t<h3 class=\"elementor-heading-title elementor-size-default\">Playa Venecia<\/h3>\t\t\t\t<\/div>\n\t\t\t\t<\/div>\n\t\t\t\t\t<\/div>\n\t\t\t\t<\/div>\n\t\t<div class=\"elementor-element elementor-element-affc47a e-flex e-con-boxed e-con e-parent\" data-id=\"affc47a\" data-element_type=\"container\">\n\t\t\t\t\t<div class=\"e-con-inner\">\n\t\t<div class=\"elementor-element elementor-element-da29477 e-con-full e-flex e-con e-child\" data-id=\"da29477\" data-element_type=\"container\">\n\t\t\t\t<div class=\"elementor-element elementor-element-1db6810 elementor-widget elementor-widget-text-editor\" data-id=\"1db6810\" data-element_type=\"widget\" data-widget_type=\"text-editor.default\">\n\t\t\t\t<div class=\"elementor-widget-container\">\n\t\t\t\t\t\t\t\t\t<p><span style=\"font-weight: 400;\">A un paso del puerto y la desembocadura del r\u00edo Serpis, Venecia no es exactamente una cala escondida del universo, pero <\/span><b>s\u00ed que es una de esas playas peque\u00f1as que parecen hechas a medida para ti si buscas algo c\u00f3modo y tranquilo<\/b><span style=\"font-weight: 400;\">. Lo mejor es que est\u00e1 protegida por espigones que te dar\u00e1n ese puntito de intimidad que sabemos que buscas.\u00a0<\/span><\/p><p><span style=\"font-weight: 400;\">R\u00e1pidamente vas a ver que <\/span><b>el ambiente aqu\u00ed es relajado, casi de barrio marinero<\/b><span style=\"font-weight: 400;\">, y el chiringuito local tiene fama de ser una opci\u00f3n top si te apetece ver al atardecer con esa persona especial y una bebida fresquita en la mano. <\/span><\/p>\t\t\t\t\t\t\t\t<\/div>\n\t\t\t\t<\/div>\n\t\t\t\t<\/div>\n\t\t<div class=\"elementor-element elementor-element-946b9dc e-con-full e-flex e-con e-child\" data-id=\"946b9dc\" data-element_type=\"container\">\n\t\t\t\t<div class=\"elementor-element elementor-element-abd2369 elementor-widget elementor-widget-image\" data-id=\"abd2369\" data-element_type=\"widget\" data-widget_type=\"image.default\">\n\t\t\t\t<div class=\"elementor-widget-container\">\n\t\t\t\t\t\t\t\t\t\t\t\t\t\t\t<img decoding=\"async\" width=\"800\" height=\"463\" src=\"https:\/\/www.serviplaya.com\/blog\/wp-content\/uploads\/2025\/05\/Playa-Venecia-cala-gandia-1024x593.jpg\" class=\"attachment-large size-large wp-image-690\" alt=\"Playa-Venecia-cala-gandia\" srcset=\"https:\/\/www.serviplaya.com\/blog\/wp-content\/uploads\/2025\/05\/Playa-Venecia-cala-gandia-1024x593.jpg 1024w, https:\/\/www.serviplaya.com\/blog\/wp-content\/uploads\/2025\/05\/Playa-Venecia-cala-gandia-300x174.jpg 300w, https:\/\/www.serviplaya.com\/blog\/wp-content\/uploads\/2025\/05\/Playa-Venecia-cala-gandia-768x445.jpg 768w, https:\/\/www.serviplaya.com\/blog\/wp-content\/uploads\/2025\/05\/Playa-Venecia-cala-gandia.jpg 1204w\" sizes=\"(max-width: 800px) 100vw, 800px\" \/>\t\t\t\t\t\t\t\t\t\t\t\t\t\t\t<\/div>\n\t\t\t\t<\/div>\n\t\t\t\t<\/div>\n\t\t\t\t\t<\/div>\n\t\t\t\t<\/div>\n\t\t<div class=\"elementor-element elementor-element-42a76aa e-flex e-con-boxed e-con e-parent\" data-id=\"42a76aa\" data-element_type=\"container\">\n\t\t\t\t\t<div class=\"e-con-inner\">\n\t\t\t\t<div class=\"elementor-element elementor-element-0ae5c88 elementor-widget elementor-widget-heading\" data-id=\"0ae5c88\" data-element_type=\"widget\" data-widget_type=\"heading.default\">\n\t\t\t\t<div class=\"elementor-widget-container\">\n\t\t\t\t\t<h3 class=\"elementor-heading-title elementor-size-default\">Playa dels Marenys de Rafalcaid\n<\/h3>\t\t\t\t<\/div>\n\t\t\t\t<\/div>\n\t\t\t\t\t<\/div>\n\t\t\t\t<\/div>\n\t\t<div class=\"elementor-element elementor-element-e168797 e-flex e-con-boxed e-con e-parent\" data-id=\"e168797\" data-element_type=\"container\">\n\t\t\t\t\t<div class=\"e-con-inner\">\n\t\t<div class=\"elementor-element elementor-element-776bba5 e-con-full e-flex e-con e-child\" data-id=\"776bba5\" data-element_type=\"container\">\n\t\t\t\t<div class=\"elementor-element elementor-element-66ab1a5 elementor-widget elementor-widget-text-editor\" data-id=\"66ab1a5\" data-element_type=\"widget\" data-widget_type=\"text-editor.default\">\n\t\t\t\t<div class=\"elementor-widget-container\">\n\t\t\t\t\t\t\t\t\t<p><span style=\"font-weight: 400;\">Vale, quiz\u00e1 no buscas tanto la tranquilidad pura sino el placer de hacer algo de deporte y emoci\u00f3n. Como para esto tambi\u00e9n viene bien que la playa no est\u00e9 hasta arriba de seres humanos,<\/span><b> sabemos que Marenys de Rafalcaid va a ser tu nuevo para\u00edso.\u00a0<\/b><\/p><p><span style=\"font-weight: 400;\">Se ubica al sur de Gand\u00eda y <\/span><b>es un gran punto de encuentro para aficionados y profesionales del kitesurf y el paddle surf. <\/b><span style=\"font-weight: 400;\">La brisa que suele soplar es muy buena aliada para cumplir esta deportiva misi\u00f3n, aunque tambi\u00e9n hay espacio de sobra por si solo quieres tumbarte a la bartola bajo el sol. Por eso no te preocupes. <\/span><\/p>\t\t\t\t\t\t\t\t<\/div>\n\t\t\t\t<\/div>\n\t\t\t\t<\/div>\n\t\t<div class=\"elementor-element elementor-element-a675326 e-con-full e-flex e-con e-child\" data-id=\"a675326\" data-element_type=\"container\">\n\t\t\t\t<div class=\"elementor-element elementor-element-d365763 elementor-widget elementor-widget-image\" data-id=\"d365763\" data-element_type=\"widget\" data-widget_type=\"image.default\">\n\t\t\t\t<div class=\"elementor-widget-container\">\n\t\t\t\t\t\t\t\t\t\t\t\t\t\t\t<img decoding=\"async\" width=\"800\" height=\"491\" src=\"https:\/\/www.serviplaya.com\/blog\/wp-content\/uploads\/2025\/05\/Playa-dels-Marenys-de-Rafalcaid-1024x628.jpg\" class=\"attachment-large size-large wp-image-685\" alt=\"Playa-dels-Marenys-de-Rafalcaid\" srcset=\"https:\/\/www.serviplaya.com\/blog\/wp-content\/uploads\/2025\/05\/Playa-dels-Marenys-de-Rafalcaid-1024x628.jpg 1024w, https:\/\/www.serviplaya.com\/blog\/wp-content\/uploads\/2025\/05\/Playa-dels-Marenys-de-Rafalcaid-300x184.jpg 300w, https:\/\/www.serviplaya.com\/blog\/wp-content\/uploads\/2025\/05\/Playa-dels-Marenys-de-Rafalcaid-768x471.jpg 768w, https:\/\/www.serviplaya.com\/blog\/wp-content\/uploads\/2025\/05\/Playa-dels-Marenys-de-Rafalcaid.jpg 1201w\" sizes=\"(max-width: 800px) 100vw, 800px\" \/>\t\t\t\t\t\t\t\t\t\t\t\t\t\t\t<\/div>\n\t\t\t\t<\/div>\n\t\t\t\t<\/div>\n\t\t\t\t\t<\/div>\n\t\t\t\t<\/div>\n\t\t<div class=\"elementor-element elementor-element-3722371a e-flex e-con-boxed e-con e-parent\" data-id=\"3722371a\" data-element_type=\"container\">\n\t\t\t\t\t<div class=\"e-con-inner\">\n\t\t\t\t<div class=\"elementor-element elementor-element-190cc0b8 elementor-widget elementor-widget-heading\" data-id=\"190cc0b8\" data-element_type=\"widget\" data-widget_type=\"heading.default\">\n\t\t\t\t<div class=\"elementor-widget-container\">\n\t\t\t\t\t<h2 class=\"elementor-heading-title elementor-size-default\">Descubre estas actividades en las calas de Gand\u00eda \n<\/h2>\t\t\t\t<\/div>\n\t\t\t\t<\/div>\n\t\t\t\t<div class=\"elementor-element elementor-element-4ccc181 elementor-widget elementor-widget-text-editor\" data-id=\"4ccc181\" data-element_type=\"widget\" data-widget_type=\"text-editor.default\">\n\t\t\t\t<div class=\"elementor-widget-container\">\n\t\t\t\t\t\t\t\t\t<p><span style=\"font-weight: 400;\">Bueno, ahora que ya has encontrado tu cala favorita,<\/span><b> sabemos que te est\u00e1s imaginando lo de pasarte las horas muertas tiradas en la arena,<\/b><span style=\"font-weight: 400;\"> con el sol bronceando tu piel o simplemente leyendo un buen libro con la brisa de fondo.<\/span><\/p><p><span style=\"font-weight: 400;\">Y s\u00ed, todo eso est\u00e1 fenomenal. <\/span><b>Pero los hay que despu\u00e9s de un rato se aburren y quieren hacer cosas.<\/b><span style=\"font-weight: 400;\"> Lo t\u00edpico. Por eso, en Gand\u00eda tenemos actividades si te identificas con este perfil que te acabamos de contar:\u00a0<\/span><\/p><ul><li style=\"font-weight: 400;\" aria-level=\"1\"><b>Surf, paddle surf y kitesurf:<\/b><span style=\"font-weight: 400;\"> si el mar te llama, Gand\u00eda responde con una oferta variada para todos los niveles. La Playa Nord y la cala dels Marenys son los aut\u00e9nticos puntos calientes para surfistas y amantes del paddle surf, con escuelas para todos los niveles.\u00a0<\/span><\/li><li style=\"font-weight: 400;\" aria-level=\"1\"><b>Kayak y pirag\u00fcismo<\/b><span style=\"font-weight: 400;\">: si quieres algo m\u00e1s tranquilito pero no renunciar a la emoci\u00f3n, puedes probar a remar en kayak o piragua. Es una actividad ideal para compartir en familia o con amigos, y en Gand\u00eda encontrar\u00e1s varios puntos para alquiler una barca.<\/span><\/li><li style=\"font-weight: 400;\" aria-level=\"1\"><b>Paseos en barco<\/b><span>: si buscas ese plan grupal que te dar\u00e1 risas aseguradas, nada como subirte a un barco para una excursi\u00f3n por la costa. Perfecto para despedidas de soltero, grupos de amigos o simplemente para pasarlo bien bajo el sol.<\/span><\/li><\/ul>\t\t\t\t\t\t\t\t<\/div>\n\t\t\t\t<\/div>\n\t\t\t\t\t<\/div>\n\t\t\t\t<\/div>\n\t\t<div class=\"elementor-element elementor-element-65553e5 e-flex e-con-boxed e-con e-parent\" data-id=\"65553e5\" data-element_type=\"container\">\n\t\t\t\t\t<div class=\"e-con-inner\">\n\t\t\t\t<div class=\"elementor-element elementor-element-31165cf elementor-widget elementor-widget-heading\" data-id=\"31165cf\" data-element_type=\"widget\" data-widget_type=\"heading.default\">\n\t\t\t\t<div class=\"elementor-widget-container\">\n\t\t\t\t\t<h2 class=\"elementor-heading-title elementor-size-default\">Disfruta de servicios y comodidades en las calas de Gand\u00eda \n<\/h2>\t\t\t\t<\/div>\n\t\t\t\t<\/div>\n\t\t\t\t<div class=\"elementor-element elementor-element-29aaa4f elementor-widget elementor-widget-text-editor\" data-id=\"29aaa4f\" data-element_type=\"widget\" data-widget_type=\"text-editor.default\">\n\t\t\t\t<div class=\"elementor-widget-container\">\n\t\t\t\t\t\t\t\t\t<p><span style=\"font-weight: 400;\">Las calas y playas de Gand\u00eda no solo te van a conquistar por su belleza natural, sino tambi\u00e9n por<\/span><b> esa comodidad que tanto se agradece para disfrutar sin preocupaciones<\/b><span style=\"font-weight: 400;\">. En Playa Nord, por ejemplo, vas a poder disfrutar de duchas, lavapi\u00e9s y ba\u00f1os p\u00fablicos para asegurar tu higiene y comodidad en todo momento.\u00a0<\/span><\/p><p><span style=\"font-weight: 400;\">Si vas con ni\u00f1os, <\/span><b>las zonas infantiles y \u00e1reas deportivas como voleibol o f\u00fatbol playa te van a salvar el d\u00eda.<\/b><span style=\"font-weight: 400;\"> Y bueno, por supuesto tendr\u00e1s la m\u00e1xima seguridad en las calas, ya que hay socorristas y accesos adaptados por si eres o vas con personas con movilidad reducida. <\/span><\/p>\t\t\t\t\t\t\t\t<\/div>\n\t\t\t\t<\/div>\n\t\t\t\t\t<\/div>\n\t\t\t\t<\/div>\n\t\t<div class=\"elementor-element elementor-element-6df9f26 e-flex e-con-boxed e-con e-parent\" data-id=\"6df9f26\" data-element_type=\"container\">\n\t\t\t\t\t<div class=\"e-con-inner\">\n\t\t\t\t<div class=\"elementor-element elementor-element-f4b93e6 elementor-widget elementor-widget-image\" data-id=\"f4b93e6\" data-element_type=\"widget\" data-widget_type=\"image.default\">\n\t\t\t\t<div class=\"elementor-widget-container\">\n\t\t\t\t\t\t\t\t\t\t\t\t\t\t\t<img loading=\"lazy\" decoding=\"async\" width=\"1254\" height=\"626\" src=\"https:\/\/www.serviplaya.com\/blog\/wp-content\/uploads\/2025\/05\/que-hacer-cala-gandia.jpg\" class=\"attachment-full size-full wp-image-700\" alt=\"que-hacer-cala-gandia.jpg\" srcset=\"https:\/\/www.serviplaya.com\/blog\/wp-content\/uploads\/2025\/05\/que-hacer-cala-gandia.jpg 1254w, https:\/\/www.serviplaya.com\/blog\/wp-content\/uploads\/2025\/05\/que-hacer-cala-gandia-300x150.jpg 300w, https:\/\/www.serviplaya.com\/blog\/wp-content\/uploads\/2025\/05\/que-hacer-cala-gandia-1024x511.jpg 1024w, https:\/\/www.serviplaya.com\/blog\/wp-content\/uploads\/2025\/05\/que-hacer-cala-gandia-768x383.jpg 768w\" sizes=\"(max-width: 1254px) 100vw, 1254px\" \/>\t\t\t\t\t\t\t\t\t\t\t\t\t\t\t<\/div>\n\t\t\t\t<\/div>\n\t\t\t\t\t<\/div>\n\t\t\t\t<\/div>\n\t\t<div class=\"elementor-element elementor-element-a97726c e-flex e-con-boxed e-con e-parent\" data-id=\"a97726c\" data-element_type=\"container\">\n\t\t\t\t\t<div class=\"e-con-inner\">\n\t\t\t\t<div class=\"elementor-element elementor-element-bb79d3e elementor-widget elementor-widget-heading\" data-id=\"bb79d3e\" data-element_type=\"widget\" data-widget_type=\"heading.default\">\n\t\t\t\t<div class=\"elementor-widget-container\">\n\t\t\t\t\t<h2 class=\"elementor-heading-title elementor-size-default\">Anota estos consejos si quieres disfrutar al m\u00e1ximo de las calas de Gand\u00eda \n<\/h2>\t\t\t\t<\/div>\n\t\t\t\t<\/div>\n\t\t\t\t<div class=\"elementor-element elementor-element-1994721 elementor-widget elementor-widget-text-editor\" data-id=\"1994721\" data-element_type=\"widget\" data-widget_type=\"text-editor.default\">\n\t\t\t\t<div class=\"elementor-widget-container\">\n\t\t\t\t\t\t\t\t\t<p><span style=\"font-weight: 400;\">\u00bfQuieres sacarle todo el jugo a tu estancia en una de las preciosas calas de Gand\u00eda? Entonces lo m\u00e1s importante y principal es que no pongas tu piel en juego. <\/span><b>Equ\u00edpate con un buen bote de crema solar, gafas de sol y un buen sombrero o gorra<\/b><span style=\"font-weight: 400;\">, lo que te quede mejor.\u00a0<\/span><\/p><p><b>Si quieres evitar aglomeraciones, lo mejor es huir del mes de agosto<\/b><span style=\"font-weight: 400;\">. Es verdad que estas calas no son tan transitadas como las playas urbanas, pero creemos que est\u00e1 bien que lo tengas en cuenta, ya que el ambiente es m\u00e1s tranquilo y el clima sigue siendo inmejorable.\u00a0<\/span><\/p><p><span style=\"font-weight: 400;\">Tambi\u00e9n te avisamos de que el aparcamiento se llena r\u00e1pido en verano, as\u00ed que madruga bien si vas en coche. <\/span><b>Tampoco te olvides de llevar algo de efectivo.<\/b><span style=\"font-weight: 400;\"> Aunque estemos en 2025, algunos chiringuitos peque\u00f1os todav\u00eda no aceptan tarjeta.<\/span><\/p>\t\t\t\t\t\t\t\t<\/div>\n\t\t\t\t<\/div>\n\t\t\t\t\t<\/div>\n\t\t\t\t<\/div>\n\t\t<div class=\"elementor-element elementor-element-d21498a e-flex e-con-boxed e-con e-parent\" data-id=\"d21498a\" data-element_type=\"container\">\n\t\t\t\t\t<div class=\"e-con-inner\">\n\t\t\t\t<div class=\"elementor-element elementor-element-de99292 elementor-widget elementor-widget-heading\" data-id=\"de99292\" data-element_type=\"widget\" data-widget_type=\"heading.default\">\n\t\t\t\t<div class=\"elementor-widget-container\">\n\t\t\t\t\t<h2 class=\"elementor-heading-title elementor-size-default\">\u00bfPor qu\u00e9 tienes que visitar las calas de Gand\u00eda?\n<\/h2>\t\t\t\t<\/div>\n\t\t\t\t<\/div>\n\t\t\t\t<div class=\"elementor-element elementor-element-f8c0d3e elementor-widget elementor-widget-text-editor\" data-id=\"f8c0d3e\" data-element_type=\"widget\" data-widget_type=\"text-editor.default\">\n\t\t\t\t<div class=\"elementor-widget-container\">\n\t\t\t\t\t\t\t\t\t<p><span style=\"font-weight: 400;\">Las calas de Gand\u00eda son una manera diferente de conocer <\/span><b>esta preciosa ciudad que combina turismo del m\u00e1s animado con un gran valor cultural y naturaleza pura. <\/b><span style=\"font-weight: 400;\">Eso s\u00ed, una vez que tengas claro que este es tu pr\u00f3ximo destino, no te puedes olvidar de reservar un alojamiento en condiciones.<\/span><\/p><p><span style=\"font-weight: 400;\"><b>Contacta con nosotros para reservar tu alojamiento en Gand\u00eda<\/b> o Xeraco al mejor precio. Descubre nuestro amplio cat\u00e1logo de apartamentos acomodados al m\u00e1ximo para que vivas una experiencia inolvidable. <\/span><\/p>\t\t\t\t\t\t\t\t<\/div>\n\t\t\t\t<\/div>\n\t\t\t\t\t<\/div>\n\t\t\t\t<\/div>\n\t\t<div class=\"elementor-element elementor-element-489aaf5d e-flex e-con-boxed e-con e-parent\" data-id=\"489aaf5d\" data-element_type=\"container\">\n\t\t\t\t\t<div class=\"e-con-inner\">\n\t\t\t\t<div class=\"elementor-element elementor-element-ec5947a elementor-widget elementor-widget-shortcode\" data-id=\"ec5947a\" data-element_type=\"widget\" data-widget_type=\"shortcode.default\">\n\t\t\t\t<div class=\"elementor-widget-container\">\n\t\t\t\t\t\t\t<div class=\"elementor-shortcode\">\t\t<div data-elementor-type=\"container\" data-elementor-id=\"159\" class=\"elementor elementor-159\" data-elementor-post-type=\"elementor_library\">\n\t\t\t\t<div class=\"elementor-element elementor-element-4d63a93c e-flex e-con-boxed e-con e-parent\" data-id=\"4d63a93c\" data-element_type=\"container\">\n\t\t\t\t\t<div class=\"e-con-inner\">\n\t\t<div class=\"elementor-element elementor-element-1ea267e7 e-con-full e-flex e-con e-child\" data-id=\"1ea267e7\" data-element_type=\"container\">\n\t\t\t\t<div class=\"elementor-element elementor-element-44b91356 elementor-align-justify elementor-widget elementor-widget-button\" data-id=\"44b91356\" data-element_type=\"widget\" data-widget_type=\"button.default\">\n\t\t\t\t<div class=\"elementor-widget-container\">\n\t\t\t\t\t\t\t\t\t<div class=\"elementor-button-wrapper\">\n\t\t\t\t\t<a class=\"elementor-button elementor-button-link elementor-size-sm\" href=\"https:\/\/www.serviplaya.com\/alquiler\/alquileres-playa-de-gandia-d391214\/\">\n\t\t\t\t\t\t<span class=\"elementor-button-content-wrapper\">\n\t\t\t\t\t\t\t\t\t<span class=\"elementor-button-text\">Alojamiento en Gand\u00eda<\/span>\n\t\t\t\t\t<\/span>\n\t\t\t\t\t<\/a>\n\t\t\t\t<\/div>\n\t\t\t\t\t\t\t\t<\/div>\n\t\t\t\t<\/div>\n\t\t\t\t<\/div>\n\t\t<div class=\"elementor-element elementor-element-6cdec9f2 e-con-full e-flex e-con e-child\" data-id=\"6cdec9f2\" data-element_type=\"container\">\n\t\t\t\t<div class=\"elementor-element elementor-element-1a2bc08f elementor-align-justify elementor-widget elementor-widget-button\" data-id=\"1a2bc08f\" data-element_type=\"widget\" data-widget_type=\"button.default\">\n\t\t\t\t<div class=\"elementor-widget-container\">\n\t\t\t\t\t\t\t\t\t<div class=\"elementor-button-wrapper\">\n\t\t\t\t\t<a class=\"elementor-button elementor-button-link elementor-size-sm\" href=\"https:\/\/www.serviplaya.com\/alquiler\/apartamentos-playa-de-gandia-c1d391214\/\">\n\t\t\t\t\t\t<span class=\"elementor-button-content-wrapper\">\n\t\t\t\t\t\t\t\t\t<span class=\"elementor-button-text\">Apartamentos en Gand\u00eda<\/span>\n\t\t\t\t\t<\/span>\n\t\t\t\t\t<\/a>\n\t\t\t\t<\/div>\n\t\t\t\t\t\t\t\t<\/div>\n\t\t\t\t<\/div>\n\t\t\t\t<\/div>\n\t\t<div class=\"elementor-element elementor-element-164fc65 e-con-full e-flex e-con e-child\" data-id=\"164fc65\" data-element_type=\"container\">\n\t\t\t\t<div class=\"elementor-element elementor-element-77fcc6bd elementor-align-justify elementor-widget elementor-widget-button\" data-id=\"77fcc6bd\" data-element_type=\"widget\" data-widget_type=\"button.default\">\n\t\t\t\t<div class=\"elementor-widget-container\">\n\t\t\t\t\t\t\t\t\t<div class=\"elementor-button-wrapper\">\n\t\t\t\t\t<a class=\"elementor-button elementor-button-link elementor-size-sm\" href=\"https:\/\/www.serviplaya.com\/alquiler\/estudios-playa-de-gandia-c14d391214\/\">\n\t\t\t\t\t\t<span class=\"elementor-button-content-wrapper\">\n\t\t\t\t\t\t\t\t\t<span class=\"elementor-button-text\">Estudios en Gand\u00eda<\/span>\n\t\t\t\t\t<\/span>\n\t\t\t\t\t<\/a>\n\t\t\t\t<\/div>\n\t\t\t\t\t\t\t\t<\/div>\n\t\t\t\t<\/div>\n\t\t\t\t<\/div>\n\t\t\t\t\t<\/div>\n\t\t\t\t<\/div>\n\t\t\t\t<\/div>\n\t\t<\/div>\n\t\t\t\t\t\t<\/div>\n\t\t\t\t<\/div>\n\t\t\t\t\t<\/div>\n\t\t\t\t<\/div>\n\t\t\t\t<\/div>\n\t\t","protected":false},"excerpt":{"rendered":"<p>No te vamos a decir que sea un error imperdonable por tu parte porque para todo tiene que haber una primera vez. Pero, lo que s\u00ed ser\u00eda un gran desacierto es negarte a conocer de primera mano alguna de las m\u00e1gicas calas de Gand\u00eda despu\u00e9s de leer este art\u00edculo. Ya sabes de sobra que Gand\u00eda [&hellip;]<\/p>\n","protected":false},"author":2,"featured_media":705,"comment_status":"open","ping_status":"open","sticky":false,"template":"","format":"standard","meta":{"footnotes":""},"categories":[42],"tags":[],"class_list":["post-675","post","type-post","status-publish","format-standard","has-post-thumbnail","hentry","category-gandia"],"yoast_head":"<!-- This site is optimized with the Yoast SEO plugin v25.2 - https:\/\/yoast.com\/wordpress\/plugins\/seo\/ -->\n<title>\u00bfConoces las Calas de Gand\u00eda? - Alquiler en Gand\u00eda y Xeraco<\/title>\n<meta name=\"description\" content=\"Si piensas que Gand\u00eda tiene calas est\u00e1s equivocado, pero aqu\u00ed te damos las zonas de la playa que pueden considerarse calas y qu\u00e9 hacer en ellas.\" \/>\n<meta name=\"robots\" content=\"index, follow, max-snippet:-1, max-image-preview:large, max-video-preview:-1\" \/>\n<link rel=\"canonical\" href=\"https:\/\/www.serviplaya.com\/blog\/calas-gandia\/\" \/>\n<meta property=\"og:locale\" content=\"es_ES\" \/>\n<meta property=\"og:type\" content=\"article\" \/>\n<meta property=\"og:title\" content=\"\u00bfConoces las Calas de Gand\u00eda? - Alquiler en Gand\u00eda y Xeraco\" \/>\n<meta property=\"og:description\" content=\"Si piensas que Gand\u00eda tiene calas est\u00e1s equivocado, pero aqu\u00ed te damos las zonas de la playa que pueden considerarse calas y qu\u00e9 hacer en ellas.\" \/>\n<meta property=\"og:url\" content=\"https:\/\/www.serviplaya.com\/blog\/calas-gandia\/\" \/>\n<meta property=\"og:site_name\" content=\"Alquiler en Gand\u00eda y Xeraco\" \/>\n<meta property=\"article:published_time\" content=\"2025-05-13T08:20:19+00:00\" \/>\n<meta property=\"article:modified_time\" content=\"2025-06-13T09:41:46+00:00\" \/>\n<meta property=\"og:image\" content=\"https:\/\/www.serviplaya.com\/blog\/wp-content\/uploads\/2025\/05\/calas-gandia.jpg\" \/>\n\t<meta property=\"og:image:width\" content=\"1920\" \/>\n\t<meta property=\"og:image:height\" content=\"640\" \/>\n\t<meta property=\"og:image:type\" content=\"image\/jpeg\" \/>\n<meta name=\"author\" content=\"digitalservices@avantio.com\" \/>\n<meta name=\"twitter:card\" content=\"summary_large_image\" \/>\n<meta name=\"twitter:label1\" content=\"Escrito por\" \/>\n\t<meta name=\"twitter:data1\" content=\"digitalservices@avantio.com\" \/>\n\t<meta name=\"twitter:label2\" content=\"Tiempo de lectura\" \/>\n\t<meta name=\"twitter:data2\" content=\"7 minutos\" \/>\n<script type=\"application\/ld+json\" class=\"yoast-schema-graph\">{\"@context\":\"https:\/\/schema.org\",\"@graph\":[{\"@type\":\"Article\",\"@id\":\"https:\/\/www.serviplaya.com\/blog\/calas-gandia\/#article\",\"isPartOf\":{\"@id\":\"https:\/\/www.serviplaya.com\/blog\/calas-gandia\/\"},\"author\":{\"name\":\"digitalservices@avantio.com\",\"@id\":\"https:\/\/www.serviplaya.com\/blog\/#\/schema\/person\/1d04c7cdba0745f9884f23b9a0418252\"},\"headline\":\"\u00bfVas a Gand\u00eda y a\u00fan no conoces sus calas? Aqu\u00ed te dejamos esta gu\u00eda completa.\",\"datePublished\":\"2025-05-13T08:20:19+00:00\",\"dateModified\":\"2025-06-13T09:41:46+00:00\",\"mainEntityOfPage\":{\"@id\":\"https:\/\/www.serviplaya.com\/blog\/calas-gandia\/\"},\"wordCount\":1252,\"commentCount\":0,\"publisher\":{\"@id\":\"https:\/\/www.serviplaya.com\/blog\/#organization\"},\"image\":{\"@id\":\"https:\/\/www.serviplaya.com\/blog\/calas-gandia\/#primaryimage\"},\"thumbnailUrl\":\"https:\/\/www.serviplaya.com\/blog\/wp-content\/uploads\/2025\/05\/calas-gandia.jpg\",\"articleSection\":[\"Gandia\"],\"inLanguage\":\"es\",\"potentialAction\":[{\"@type\":\"CommentAction\",\"name\":\"Comment\",\"target\":[\"https:\/\/www.serviplaya.com\/blog\/calas-gandia\/#respond\"]}]},{\"@type\":\"WebPage\",\"@id\":\"https:\/\/www.serviplaya.com\/blog\/calas-gandia\/\",\"url\":\"https:\/\/www.serviplaya.com\/blog\/calas-gandia\/\",\"name\":\"\u00bfConoces las Calas de Gand\u00eda? - Alquiler en Gand\u00eda y Xeraco\",\"isPartOf\":{\"@id\":\"https:\/\/www.serviplaya.com\/blog\/#website\"},\"primaryImageOfPage\":{\"@id\":\"https:\/\/www.serviplaya.com\/blog\/calas-gandia\/#primaryimage\"},\"image\":{\"@id\":\"https:\/\/www.serviplaya.com\/blog\/calas-gandia\/#primaryimage\"},\"thumbnailUrl\":\"https:\/\/www.serviplaya.com\/blog\/wp-content\/uploads\/2025\/05\/calas-gandia.jpg\",\"datePublished\":\"2025-05-13T08:20:19+00:00\",\"dateModified\":\"2025-06-13T09:41:46+00:00\",\"description\":\"Si piensas que Gand\u00eda tiene calas est\u00e1s equivocado, pero aqu\u00ed te damos las zonas de la playa que pueden considerarse calas y qu\u00e9 hacer en ellas.\",\"breadcrumb\":{\"@id\":\"https:\/\/www.serviplaya.com\/blog\/calas-gandia\/#breadcrumb\"},\"inLanguage\":\"es\",\"potentialAction\":[{\"@type\":\"ReadAction\",\"target\":[\"https:\/\/www.serviplaya.com\/blog\/calas-gandia\/\"]}]},{\"@type\":\"ImageObject\",\"inLanguage\":\"es\",\"@id\":\"https:\/\/www.serviplaya.com\/blog\/calas-gandia\/#primaryimage\",\"url\":\"https:\/\/www.serviplaya.com\/blog\/wp-content\/uploads\/2025\/05\/calas-gandia.jpg\",\"contentUrl\":\"https:\/\/www.serviplaya.com\/blog\/wp-content\/uploads\/2025\/05\/calas-gandia.jpg\",\"width\":1920,\"height\":640,\"caption\":\"calas gandia\"},{\"@type\":\"BreadcrumbList\",\"@id\":\"https:\/\/www.serviplaya.com\/blog\/calas-gandia\/#breadcrumb\",\"itemListElement\":[{\"@type\":\"ListItem\",\"position\":1,\"name\":\"Portada\",\"item\":\"https:\/\/www.serviplaya.com\/blog\/\"},{\"@type\":\"ListItem\",\"position\":2,\"name\":\"\u00bfVas a Gand\u00eda y a\u00fan no conoces sus calas? Aqu\u00ed te dejamos esta gu\u00eda completa.\"}]},{\"@type\":\"WebSite\",\"@id\":\"https:\/\/www.serviplaya.com\/blog\/#website\",\"url\":\"https:\/\/www.serviplaya.com\/blog\/\",\"name\":\"Alquiler en Gand\u00eda y Xeraco\",\"description\":\"SERVIPLAYA\",\"publisher\":{\"@id\":\"https:\/\/www.serviplaya.com\/blog\/#organization\"},\"potentialAction\":[{\"@type\":\"SearchAction\",\"target\":{\"@type\":\"EntryPoint\",\"urlTemplate\":\"https:\/\/www.serviplaya.com\/blog\/?s={search_term_string}\"},\"query-input\":{\"@type\":\"PropertyValueSpecification\",\"valueRequired\":true,\"valueName\":\"search_term_string\"}}],\"inLanguage\":\"es\"},{\"@type\":\"Organization\",\"@id\":\"https:\/\/www.serviplaya.com\/blog\/#organization\",\"name\":\"Alquiler en Gand\u00eda y Xeraco\",\"url\":\"https:\/\/www.serviplaya.com\/blog\/\",\"logo\":{\"@type\":\"ImageObject\",\"inLanguage\":\"es\",\"@id\":\"https:\/\/www.serviplaya.com\/blog\/#\/schema\/logo\/image\/\",\"url\":\"https:\/\/www.serviplaya.com\/blog\/wp-content\/uploads\/2024\/12\/cropped-logo-3.png\",\"contentUrl\":\"https:\/\/www.serviplaya.com\/blog\/wp-content\/uploads\/2024\/12\/cropped-logo-3.png\",\"width\":600,\"height\":143,\"caption\":\"Alquiler en Gand\u00eda y Xeraco\"},\"image\":{\"@id\":\"https:\/\/www.serviplaya.com\/blog\/#\/schema\/logo\/image\/\"}},{\"@type\":\"Person\",\"@id\":\"https:\/\/www.serviplaya.com\/blog\/#\/schema\/person\/1d04c7cdba0745f9884f23b9a0418252\",\"name\":\"digitalservices@avantio.com\",\"image\":{\"@type\":\"ImageObject\",\"inLanguage\":\"es\",\"@id\":\"https:\/\/www.serviplaya.com\/blog\/#\/schema\/person\/image\/\",\"url\":\"https:\/\/secure.gravatar.com\/avatar\/af30f88a1904294c1f3eb09a9d7903eec4ffa18fa2cf40c28a8681014ecdfc20?s=96&d=mm&r=g\",\"contentUrl\":\"https:\/\/secure.gravatar.com\/avatar\/af30f88a1904294c1f3eb09a9d7903eec4ffa18fa2cf40c28a8681014ecdfc20?s=96&d=mm&r=g\",\"caption\":\"digitalservices@avantio.com\"},\"url\":\"https:\/\/www.serviplaya.com\/blog\/author\/digitalservicesavantio-com\/\"}]}<\/script>\n<!-- \/ Yoast SEO plugin. -->","yoast_head_json":{"title":"\u00bfConoces las Calas de Gand\u00eda? - Alquiler en Gand\u00eda y Xeraco","description":"Si piensas que Gand\u00eda tiene calas est\u00e1s equivocado, pero aqu\u00ed te damos las zonas de la playa que pueden considerarse calas y qu\u00e9 hacer en ellas.","robots":{"index":"index","follow":"follow","max-snippet":"max-snippet:-1","max-image-preview":"max-image-preview:large","max-video-preview":"max-video-preview:-1"},"canonical":"https:\/\/www.serviplaya.com\/blog\/calas-gandia\/","og_locale":"es_ES","og_type":"article","og_title":"\u00bfConoces las Calas de Gand\u00eda? - Alquiler en Gand\u00eda y Xeraco","og_description":"Si piensas que Gand\u00eda tiene calas est\u00e1s equivocado, pero aqu\u00ed te damos las zonas de la playa que pueden considerarse calas y qu\u00e9 hacer en ellas.","og_url":"https:\/\/www.serviplaya.com\/blog\/calas-gandia\/","og_site_name":"Alquiler en Gand\u00eda y Xeraco","article_published_time":"2025-05-13T08:20:19+00:00","article_modified_time":"2025-06-13T09:41:46+00:00","og_image":[{"width":1920,"height":640,"url":"https:\/\/www.serviplaya.com\/blog\/wp-content\/uploads\/2025\/05\/calas-gandia.jpg","type":"image\/jpeg"}],"author":"digitalservices@avantio.com","twitter_card":"summary_large_image","twitter_misc":{"Escrito por":"digitalservices@avantio.com","Tiempo de lectura":"7 minutos"},"schema":{"@context":"https:\/\/schema.org","@graph":[{"@type":"Article","@id":"https:\/\/www.serviplaya.com\/blog\/calas-gandia\/#article","isPartOf":{"@id":"https:\/\/www.serviplaya.com\/blog\/calas-gandia\/"},"author":{"name":"digitalservices@avantio.com","@id":"https:\/\/www.serviplaya.com\/blog\/#\/schema\/person\/1d04c7cdba0745f9884f23b9a0418252"},"headline":"\u00bfVas a Gand\u00eda y a\u00fan no conoces sus calas? Aqu\u00ed te dejamos esta gu\u00eda completa.","datePublished":"2025-05-13T08:20:19+00:00","dateModified":"2025-06-13T09:41:46+00:00","mainEntityOfPage":{"@id":"https:\/\/www.serviplaya.com\/blog\/calas-gandia\/"},"wordCount":1252,"commentCount":0,"publisher":{"@id":"https:\/\/www.serviplaya.com\/blog\/#organization"},"image":{"@id":"https:\/\/www.serviplaya.com\/blog\/calas-gandia\/#primaryimage"},"thumbnailUrl":"https:\/\/www.serviplaya.com\/blog\/wp-content\/uploads\/2025\/05\/calas-gandia.jpg","articleSection":["Gandia"],"inLanguage":"es","potentialAction":[{"@type":"CommentAction","name":"Comment","target":["https:\/\/www.serviplaya.com\/blog\/calas-gandia\/#respond"]}]},{"@type":"WebPage","@id":"https:\/\/www.serviplaya.com\/blog\/calas-gandia\/","url":"https:\/\/www.serviplaya.com\/blog\/calas-gandia\/","name":"\u00bfConoces las Calas de Gand\u00eda? - Alquiler en Gand\u00eda y Xeraco","isPartOf":{"@id":"https:\/\/www.serviplaya.com\/blog\/#website"},"primaryImageOfPage":{"@id":"https:\/\/www.serviplaya.com\/blog\/calas-gandia\/#primaryimage"},"image":{"@id":"https:\/\/www.serviplaya.com\/blog\/calas-gandia\/#primaryimage"},"thumbnailUrl":"https:\/\/www.serviplaya.com\/blog\/wp-content\/uploads\/2025\/05\/calas-gandia.jpg","datePublished":"2025-05-13T08:20:19+00:00","dateModified":"2025-06-13T09:41:46+00:00","description":"Si piensas que Gand\u00eda tiene calas est\u00e1s equivocado, pero aqu\u00ed te damos las zonas de la playa que pueden considerarse calas y qu\u00e9 hacer en ellas.","breadcrumb":{"@id":"https:\/\/www.serviplaya.com\/blog\/calas-gandia\/#breadcrumb"},"inLanguage":"es","potentialAction":[{"@type":"ReadAction","target":["https:\/\/www.serviplaya.com\/blog\/calas-gandia\/"]}]},{"@type":"ImageObject","inLanguage":"es","@id":"https:\/\/www.serviplaya.com\/blog\/calas-gandia\/#primaryimage","url":"https:\/\/www.serviplaya.com\/blog\/wp-content\/uploads\/2025\/05\/calas-gandia.jpg","contentUrl":"https:\/\/www.serviplaya.com\/blog\/wp-content\/uploads\/2025\/05\/calas-gandia.jpg","width":1920,"height":640,"caption":"calas gandia"},{"@type":"BreadcrumbList","@id":"https:\/\/www.serviplaya.com\/blog\/calas-gandia\/#breadcrumb","itemListElement":[{"@type":"ListItem","position":1,"name":"Portada","item":"https:\/\/www.serviplaya.com\/blog\/"},{"@type":"ListItem","position":2,"name":"\u00bfVas a Gand\u00eda y a\u00fan no conoces sus calas? Aqu\u00ed te dejamos esta gu\u00eda completa."}]},{"@type":"WebSite","@id":"https:\/\/www.serviplaya.com\/blog\/#website","url":"https:\/\/www.serviplaya.com\/blog\/","name":"Alquiler en Gand\u00eda y Xeraco","description":"SERVIPLAYA","publisher":{"@id":"https:\/\/www.serviplaya.com\/blog\/#organization"},"potentialAction":[{"@type":"SearchAction","target":{"@type":"EntryPoint","urlTemplate":"https:\/\/www.serviplaya.com\/blog\/?s={search_term_string}"},"query-input":{"@type":"PropertyValueSpecification","valueRequired":true,"valueName":"search_term_string"}}],"inLanguage":"es"},{"@type":"Organization","@id":"https:\/\/www.serviplaya.com\/blog\/#organization","name":"Alquiler en Gand\u00eda y Xeraco","url":"https:\/\/www.serviplaya.com\/blog\/","logo":{"@type":"ImageObject","inLanguage":"es","@id":"https:\/\/www.serviplaya.com\/blog\/#\/schema\/logo\/image\/","url":"https:\/\/www.serviplaya.com\/blog\/wp-content\/uploads\/2024\/12\/cropped-logo-3.png","contentUrl":"https:\/\/www.serviplaya.com\/blog\/wp-content\/uploads\/2024\/12\/cropped-logo-3.png","width":600,"height":143,"caption":"Alquiler en Gand\u00eda y Xeraco"},"image":{"@id":"https:\/\/www.serviplaya.com\/blog\/#\/schema\/logo\/image\/"}},{"@type":"Person","@id":"https:\/\/www.serviplaya.com\/blog\/#\/schema\/person\/1d04c7cdba0745f9884f23b9a0418252","name":"digitalservices@avantio.com","image":{"@type":"ImageObject","inLanguage":"es","@id":"https:\/\/www.serviplaya.com\/blog\/#\/schema\/person\/image\/","url":"https:\/\/secure.gravatar.com\/avatar\/af30f88a1904294c1f3eb09a9d7903eec4ffa18fa2cf40c28a8681014ecdfc20?s=96&d=mm&r=g","contentUrl":"https:\/\/secure.gravatar.com\/avatar\/af30f88a1904294c1f3eb09a9d7903eec4ffa18fa2cf40c28a8681014ecdfc20?s=96&d=mm&r=g","caption":"digitalservices@avantio.com"},"url":"https:\/\/www.serviplaya.com\/blog\/author\/digitalservicesavantio-com\/"}]}},"_links":{"self":[{"href":"https:\/\/www.serviplaya.com\/blog\/wp-json\/wp\/v2\/posts\/675","targetHints":{"allow":["GET"]}}],"collection":[{"href":"https:\/\/www.serviplaya.com\/blog\/wp-json\/wp\/v2\/posts"}],"about":[{"href":"https:\/\/www.serviplaya.com\/blog\/wp-json\/wp\/v2\/types\/post"}],"author":[{"embeddable":true,"href":"https:\/\/www.serviplaya.com\/blog\/wp-json\/wp\/v2\/users\/2"}],"replies":[{"embeddable":true,"href":"https:\/\/www.serviplaya.com\/blog\/wp-json\/wp\/v2\/comments?post=675"}],"version-history":[{"count":10,"href":"https:\/\/www.serviplaya.com\/blog\/wp-json\/wp\/v2\/posts\/675\/revisions"}],"predecessor-version":[{"id":739,"href":"https:\/\/www.serviplaya.com\/blog\/wp-json\/wp\/v2\/posts\/675\/revisions\/739"}],"wp:featuredmedia":[{"embeddable":true,"href":"https:\/\/www.serviplaya.com\/blog\/wp-json\/wp\/v2\/media\/705"}],"wp:attachment":[{"href":"https:\/\/www.serviplaya.com\/blog\/wp-json\/wp\/v2\/media?parent=675"}],"wp:term":[{"taxonomy":"category","embeddable":true,"href":"https:\/\/www.serviplaya.com\/blog\/wp-json\/wp\/v2\/categories?post=675"},{"taxonomy":"post_tag","embeddable":true,"href":"https:\/\/www.serviplaya.com\/blog\/wp-json\/wp\/v2\/tags?post=675"}],"curies":[{"name":"wp","href":"https:\/\/api.w.org\/{rel}","templated":true}]}}