{"id":680,"date":"2025-05-13T08:52:49","date_gmt":"2025-05-13T08:52:49","guid":{"rendered":"https:\/\/www.serviplaya.com\/blog\/?p=680"},"modified":"2025-06-13T09:41:41","modified_gmt":"2025-06-13T09:41:41","slug":"marjal-de-la-safor","status":"publish","type":"post","link":"https:\/\/www.serviplaya.com\/blog\/marjal-de-la-safor\/","title":{"rendered":"Conoce el Marjal de la Safor y todos sus alucinantes secretos"},"content":{"rendered":"\t\t<div data-elementor-type=\"wp-post\" data-elementor-id=\"680\" class=\"elementor elementor-680\" data-elementor-post-type=\"post\">\n\t\t\t\t<div class=\"elementor-element elementor-element-2c22d838 e-flex e-con-boxed e-con e-parent\" data-id=\"2c22d838\" data-element_type=\"container\">\n\t\t\t\t\t<div class=\"e-con-inner\">\n\t\t\t\t<div class=\"elementor-element elementor-element-15aef2a0 elementor-widget elementor-widget-text-editor\" data-id=\"15aef2a0\" data-element_type=\"widget\" data-widget_type=\"text-editor.default\">\n\t\t\t\t<div class=\"elementor-widget-container\">\n\t\t\t\t\t\t\t\t\t<p><span style=\"font-weight: 400;\">Seguro que eres de esas<\/span><b> personas que disfrutan de la naturaleza y de dar un buen paseo por el campo<\/b><span style=\"font-weight: 400;\">. Pero hoy, en Serviplaya, queremos llevar esto a otro nivel y hablarte de un lugar muy especial de la geograf\u00eda levantina.<\/span><\/p><p><span style=\"font-weight: 400;\">Estamos hablando del Marjal de la Safor, uno de los humedales mejor conservados de la Comunidad Valenciana y mucho m\u00e1s que un paisaje de agua y vegetaci\u00f3n. Si est\u00e1s buscando <\/span><b>contemplar la mayor biodiversidad de la zona <\/b><span style=\"font-weight: 400;\">y transformar cada paseo en una aut\u00e9ntica aventura, est\u00e1s en el lugar correcto. Por nuestra parte, solo te podemos recomendar\u2026 \u00a1que sigas leyendo!<\/span><\/p>\t\t\t\t\t\t\t\t<\/div>\n\t\t\t\t<\/div>\n\t\t\t\t\t<\/div>\n\t\t\t\t<\/div>\n\t\t<div class=\"elementor-element elementor-element-4e4659b9 e-flex e-con-boxed e-con e-parent\" data-id=\"4e4659b9\" data-element_type=\"container\">\n\t\t\t\t\t<div class=\"e-con-inner\">\n\t\t\t\t<div class=\"elementor-element elementor-element-6ebd332f elementor-widget elementor-widget-table-of-contents\" data-id=\"6ebd332f\" data-element_type=\"widget\" data-settings=\"{&quot;headings_by_tags&quot;:[&quot;h2&quot;,&quot;h3&quot;],&quot;exclude_headings_by_selector&quot;:[],&quot;marker_view&quot;:&quot;bullets&quot;,&quot;icon&quot;:{&quot;value&quot;:&quot;&quot;,&quot;library&quot;:&quot;&quot;},&quot;no_headings_message&quot;:&quot;No headings were found on this page.&quot;,&quot;hierarchical_view&quot;:&quot;yes&quot;,&quot;min_height&quot;:{&quot;unit&quot;:&quot;px&quot;,&quot;size&quot;:&quot;&quot;,&quot;sizes&quot;:[]},&quot;min_height_tablet&quot;:{&quot;unit&quot;:&quot;px&quot;,&quot;size&quot;:&quot;&quot;,&quot;sizes&quot;:[]},&quot;min_height_mobile&quot;:{&quot;unit&quot;:&quot;px&quot;,&quot;size&quot;:&quot;&quot;,&quot;sizes&quot;:[]}}\" data-widget_type=\"table-of-contents.default\">\n\t\t\t\t<div class=\"elementor-widget-container\">\n\t\t\t\t\t\t\t<div class=\"elementor-toc__header\">\n\t\t\t<div class=\"elementor-toc__header-title\">\n\t\t\t\t\u00cdndice\t\t\t<\/div>\n\t\t\t\t\t<\/div>\n\t\t<div id=\"elementor-toc__6ebd332f\" class=\"elementor-toc__body\">\n\t\t\t<div class=\"elementor-toc__spinner-container\">\n\t\t\t\t<svg class=\"elementor-toc__spinner eicon-animation-spin e-font-icon-svg e-eicon-loading\" aria-hidden=\"true\" viewBox=\"0 0 1000 1000\" xmlns=\"http:\/\/www.w3.org\/2000\/svg\"><path d=\"M500 975V858C696 858 858 696 858 500S696 142 500 142 142 304 142 500H25C25 237 238 25 500 25S975 237 975 500 763 975 500 975Z\"><\/path><\/svg>\t\t\t<\/div>\n\t\t<\/div>\n\t\t\t\t\t\t<\/div>\n\t\t\t\t<\/div>\n\t\t\t\t\t<\/div>\n\t\t\t\t<\/div>\n\t\t<div class=\"elementor-element elementor-element-1dcd5bd e-flex e-con-boxed e-con e-parent\" data-id=\"1dcd5bd\" data-element_type=\"container\">\n\t\t\t\t\t<div class=\"e-con-inner\">\n\t\t\t\t<div class=\"elementor-element elementor-element-5bf894d2 elementor-widget elementor-widget-heading\" data-id=\"5bf894d2\" data-element_type=\"widget\" data-widget_type=\"heading.default\">\n\t\t\t\t<div class=\"elementor-widget-container\">\n\t\t\t\t\t<h2 class=\"elementor-heading-title elementor-size-default\">\u00bfD\u00f3nde se encuentra el Marjal de la Safor?\t\n<\/h2>\t\t\t\t<\/div>\n\t\t\t\t<\/div>\n\t\t\t\t<div class=\"elementor-element elementor-element-5b39b8f4 elementor-widget elementor-widget-text-editor\" data-id=\"5b39b8f4\" data-element_type=\"widget\" data-widget_type=\"text-editor.default\">\n\t\t\t\t<div class=\"elementor-widget-container\">\n\t\t\t\t\t\t\t\t\t<p><span style=\"font-weight: 400;\">Como su propio nombre indica, este gran humedal se localiza en la comarca de la Safor, en el sureste de Valencia. Una de las cosas m\u00e1s sorprendentes del Marjal es su gigantesca superficie, ya que <\/span><b>abarca nada m\u00e1s y nada menos que 1.225 hect\u00e1reas<\/b><span style=\"font-weight: 400;\">, adem\u00e1s de los municipios de Gand\u00eda, Xeraco, Xeresa y Tavernes de la Valldigna.<\/span><\/p>\t\t\t\t\t\t\t\t<\/div>\n\t\t\t\t<\/div>\n\t\t\t\t\t<\/div>\n\t\t\t\t<\/div>\n\t\t<div class=\"elementor-element elementor-element-0b59c1c e-flex e-con-boxed e-con e-parent\" data-id=\"0b59c1c\" data-element_type=\"container\">\n\t\t\t\t\t<div class=\"e-con-inner\">\n\t\t<div class=\"elementor-element elementor-element-67c5fc5 e-con-full e-flex e-con e-child\" data-id=\"67c5fc5\" data-element_type=\"container\">\n\t\t\t\t<div class=\"elementor-element elementor-element-d2ceb64 elementor-widget elementor-widget-text-editor\" data-id=\"d2ceb64\" data-element_type=\"widget\" data-widget_type=\"text-editor.default\">\n\t\t\t\t<div class=\"elementor-widget-container\">\n\t\t\t\t\t\t\t\t\t<p><span style=\"font-weight: 400;\">De entre todos ellos, sin duda hay que destacar el Marjal de Gand\u00eda, al cual podr\u00e1s acceder de manera sencilla a pie, en bicicleta o en coche.<\/span><b> Si quieres llegar hasta su acceso principal tendr\u00e1s que ir hasta la Alquer\u00eda del Duc,<\/b><span style=\"font-weight: 400;\"> una hist\u00f3rica construcci\u00f3n al pie del Castillo de Gand\u00eda y desde ah\u00ed seguir el sendero hasta el humedal.<\/span><\/p><p><span style=\"font-weight: 400;\">Lo m\u00e1s interesante del humedal es que <\/span><b>se asienta sobre una llanura costera de poca profundidad <\/b><span style=\"font-weight: 400;\">y apenas un peque\u00f1o cord\u00f3n litoral lo separa del mar Mediterr\u00e1neo. Tiene un gran valor ecol\u00f3gico, ya que la mayor\u00eda del agua proviene de manantiales subterr\u00e1neos.<\/span><\/p>\t\t\t\t\t\t\t\t<\/div>\n\t\t\t\t<\/div>\n\t\t\t\t<\/div>\n\t\t<div class=\"elementor-element elementor-element-b7ecedb e-con-full e-flex e-con e-child\" data-id=\"b7ecedb\" data-element_type=\"container\">\n\t\t\t\t<div class=\"elementor-element elementor-element-d50e70a elementor-widget elementor-widget-google_maps\" data-id=\"d50e70a\" data-element_type=\"widget\" data-widget_type=\"google_maps.default\">\n\t\t\t\t<div class=\"elementor-widget-container\">\n\t\t\t\t\t\t\t<div class=\"elementor-custom-embed\">\n\t\t\t<iframe loading=\"lazy\"\n\t\t\t\t\tsrc=\"https:\/\/maps.google.com\/maps?q=marjal%20de%20la%20safor&#038;t=m&#038;z=12&#038;output=embed&#038;iwloc=near\"\n\t\t\t\t\ttitle=\"marjal de la safor\"\n\t\t\t\t\taria-label=\"marjal de la safor\"\n\t\t\t><\/iframe>\n\t\t<\/div>\n\t\t\t\t\t\t<\/div>\n\t\t\t\t<\/div>\n\t\t\t\t<\/div>\n\t\t\t\t\t<\/div>\n\t\t\t\t<\/div>\n\t\t<div class=\"elementor-element elementor-element-71692b80 e-flex e-con-boxed e-con e-parent\" data-id=\"71692b80\" data-element_type=\"container\">\n\t\t\t\t\t<div class=\"e-con-inner\">\n\t\t\t\t<div class=\"elementor-element elementor-element-7dfb9c24 elementor-widget elementor-widget-heading\" data-id=\"7dfb9c24\" data-element_type=\"widget\" data-widget_type=\"heading.default\">\n\t\t\t\t<div class=\"elementor-widget-container\">\n\t\t\t\t\t<h2 class=\"elementor-heading-title elementor-size-default\">Descubre toda la biodiversidad y fauna en la Marjal de la Safor\n<\/h2>\t\t\t\t<\/div>\n\t\t\t\t<\/div>\n\t\t\t\t<div class=\"elementor-element elementor-element-19e3bf81 elementor-widget elementor-widget-text-editor\" data-id=\"19e3bf81\" data-element_type=\"widget\" data-widget_type=\"text-editor.default\">\n\t\t\t\t<div class=\"elementor-widget-container\">\n\t\t\t\t\t\t\t\t\t<p><span style=\"font-weight: 400;\">Si lo que quieres es vivir un aut\u00e9ntico safari sin salir de la Comunidad Valenciana, este es tu plan ideal. <\/span><b>Estamos hablando de un aut\u00e9ntico festival de la biodiversidad<\/b><span style=\"font-weight: 400;\">, donde te ser\u00e1 imposible no sorprenderte en cada rinc\u00f3n. De hecho, a no ser que seas todo un experto bi\u00f3logo, te aseguramos que ver\u00e1s especies que nunca hab\u00edas visto antes.<\/span><\/p><p><span style=\"font-weight: 400;\">Las aves son algunas de las grandes protagonistas, entre las que destacan los avetorillos y las garzas imperiales. Adem\u00e1s de aves, y trat\u00e1ndose de un humedal,<\/span><b> no te ser\u00e1 dif\u00edcil ver peces como el samaruc, una especie end\u00e9mica en peligro de extinci\u00f3n<\/b><span style=\"font-weight: 400;\">. Incluso las plantas tienen su protagonismo, con aut\u00e9nticas joyas bot\u00e1nicas como la Utricularia australis.<\/span><\/p><p><span style=\"font-weight: 400;\">En resumidas cuentas, <\/span><b>el Marjal de la Safor es un aut\u00e9ntico mosaico de diferentes h\u00e1bitats <\/b><span style=\"font-weight: 400;\">y lo mejor de todo es que se encuentran en un estado de conservaci\u00f3n \u00f3ptimo. En tu visita no dejar\u00e1s de encontrar especies que no conoc\u00edas y naturaleza en estado puro.<\/span><\/p>\t\t\t\t\t\t\t\t<\/div>\n\t\t\t\t<\/div>\n\t\t\t\t\t<\/div>\n\t\t\t\t<\/div>\n\t\t<div class=\"elementor-element elementor-element-b5bdf30 e-flex e-con-boxed e-con e-parent\" data-id=\"b5bdf30\" data-element_type=\"container\">\n\t\t\t\t\t<div class=\"e-con-inner\">\n\t\t\t\t<div class=\"elementor-element elementor-element-d0461c9 elementor-widget elementor-widget-image\" data-id=\"d0461c9\" data-element_type=\"widget\" data-widget_type=\"image.default\">\n\t\t\t\t<div class=\"elementor-widget-container\">\n\t\t\t\t\t\t\t\t\t\t\t\t\t\t\t<img fetchpriority=\"high\" decoding=\"async\" width=\"1200\" height=\"600\" src=\"https:\/\/www.serviplaya.com\/blog\/wp-content\/uploads\/2025\/05\/marjal-de-la-safor-1.jpg\" class=\"attachment-full size-full wp-image-719\" alt=\"marjal-de-la-safor\" srcset=\"https:\/\/www.serviplaya.com\/blog\/wp-content\/uploads\/2025\/05\/marjal-de-la-safor-1.jpg 1200w, https:\/\/www.serviplaya.com\/blog\/wp-content\/uploads\/2025\/05\/marjal-de-la-safor-1-300x150.jpg 300w, https:\/\/www.serviplaya.com\/blog\/wp-content\/uploads\/2025\/05\/marjal-de-la-safor-1-1024x512.jpg 1024w, https:\/\/www.serviplaya.com\/blog\/wp-content\/uploads\/2025\/05\/marjal-de-la-safor-1-768x384.jpg 768w\" sizes=\"(max-width: 1200px) 100vw, 1200px\" \/>\t\t\t\t\t\t\t\t\t\t\t\t\t\t\t<\/div>\n\t\t\t\t<\/div>\n\t\t\t\t\t<\/div>\n\t\t\t\t<\/div>\n\t\t<div class=\"elementor-element elementor-element-a50c3fd e-flex e-con-boxed e-con e-parent\" data-id=\"a50c3fd\" data-element_type=\"container\">\n\t\t\t\t\t<div class=\"e-con-inner\">\n\t\t\t\t<div class=\"elementor-element elementor-element-e29c624 elementor-widget elementor-widget-heading\" data-id=\"e29c624\" data-element_type=\"widget\" data-widget_type=\"heading.default\">\n\t\t\t\t<div class=\"elementor-widget-container\">\n\t\t\t\t\t<h2 class=\"elementor-heading-title elementor-size-default\">La importancia ecol\u00f3gica de la Marjal de la Safor        \n<\/h2>\t\t\t\t<\/div>\n\t\t\t\t<\/div>\n\t\t\t\t<div class=\"elementor-element elementor-element-99df05b elementor-widget elementor-widget-text-editor\" data-id=\"99df05b\" data-element_type=\"widget\" data-widget_type=\"text-editor.default\">\n\t\t\t\t<div class=\"elementor-widget-container\">\n\t\t\t\t\t\t\t\t\t<p><span style=\"font-weight: 400;\">\u00bfTe imaginas tener en tu propia tierra una aut\u00e9ntica joya con superpoderes ambientales? Bueno, pues, exageraciones aparte, esa es un poco la realidad de las personas que viven en La Safor. <\/span><b>El marjal almacena agua dulce como si de una esponja gigante se tratara,<\/b><span style=\"font-weight: 400;\"> lo cual sirve para hacer que las sequ\u00edas sean menos profundas e incluso evitar inundaciones cuando se desborda la lluvia.<\/span><\/p><p><span style=\"font-weight: 400;\">Por si esto pudiera resultarte poca cosa, que ya sabemos que no, <\/span><b>te diremos que tambi\u00e9n atrapa todo tipo de nutrientes y sedimentos<\/b><span style=\"font-weight: 400;\">. As\u00ed consigue que el agua est\u00e9 limpia para todos los peque\u00f1os y grandes habitantes de su ecosistema.\u00a0<\/span><\/p><p><span style=\"font-weight: 400;\">Para rematar\u2026 <\/span><b>\u00bfSab\u00edas que aqu\u00ed se conservan m\u00e1s del 15% de los h\u00e1bitats mediterr\u00e1neos de lagos distr\u00f3ficos<\/b><span style=\"font-weight: 400;\">, r\u00edos de caudal permanente y turberas calc\u00e1reas? En otras palabras, es como si tuvi\u00e9ramos una peque\u00f1a muestra de la biodiversidad del Mediterr\u00e1neo en un solo lugar.<\/span><\/p><p><span style=\"font-weight: 400;\">La recompensa en este sentido no se ha hecho esperar. <\/span><b>Este espacio est\u00e1 protegido como Lugar de Inter\u00e9s Comunitario y forma parte de la Red Natura 2000<\/b><span style=\"font-weight: 400;\">. Con esta iniciativa se consigue que su riqueza natural sirva para futuras generaciones.<\/span><\/p>\t\t\t\t\t\t\t\t<\/div>\n\t\t\t\t<\/div>\n\t\t\t\t\t<\/div>\n\t\t\t\t<\/div>\n\t\t<div class=\"elementor-element elementor-element-b4e84af e-flex e-con-boxed e-con e-parent\" data-id=\"b4e84af\" data-element_type=\"container\">\n\t\t\t\t\t<div class=\"e-con-inner\">\n\t\t<div class=\"elementor-element elementor-element-4a42a7c e-con-full e-flex e-con e-child\" data-id=\"4a42a7c\" data-element_type=\"container\">\n\t\t\t\t<div class=\"elementor-element elementor-element-c1c3246 elementor-widget elementor-widget-heading\" data-id=\"c1c3246\" data-element_type=\"widget\" data-widget_type=\"heading.default\">\n\t\t\t\t<div class=\"elementor-widget-container\">\n\t\t\t\t\t<h2 class=\"elementor-heading-title elementor-size-default\">El Marjal Dels Borrons: cerca del Marjal de la Safor y Pesca\t\n<\/h2>\t\t\t\t<\/div>\n\t\t\t\t<\/div>\n\t\t\t\t<div class=\"elementor-element elementor-element-83bee38 elementor-widget elementor-widget-text-editor\" data-id=\"83bee38\" data-element_type=\"widget\" data-widget_type=\"text-editor.default\">\n\t\t\t\t<div class=\"elementor-widget-container\">\n\t\t\t\t\t\t\t\t\t<p><span style=\"font-weight: 400;\">Vale, somos conscientes de que este no era el tema principal del art\u00edculo. Pero no te preocupes porque va a ser, al menos, igual de interesante. Y es que resulta que, a un paso del Marjal de la Safor <\/span><b>se encuentra su primo peque\u00f1o, el Marjal dels Borrons.<\/b><\/p><p><span style=\"font-weight: 400;\">Este se sit\u00faa en el municipio de Xeresa y, aunque solo cuente con 6 hect\u00e1reas,<\/span><b> tambi\u00e9n es un peque\u00f1o para\u00edso de biodiversidad y pesca responsable<\/b><span style=\"font-weight: 400;\">. Aqu\u00ed, los carrizales y lagunas se convierten en escenario de aventuras para aves acu\u00e1ticas y peces end\u00e9micos.\u00a0<\/span><\/p><p><span style=\"font-weight: 400;\">\u00bfTe acuerdas del samaruc? S\u00ed, ese diminuto pez valenciano en peligro de extinci\u00f3n del que te habl\u00e1bamos antes. <\/span><b>Pues resulta que aqu\u00ed tambi\u00e9n nada entre nen\u00fafares y plantas acu\u00e1ticas protegidas <\/b><span style=\"font-weight: 400;\">como la Utricularia australis y la Nymphaea alba. Vamos, que es otro sitio de los que merece la pena visitar.\u00a0<\/span><\/p><p><span style=\"font-weight: 400;\">Lo m\u00e1s interesante de todo es que este marjal ha recibido una remodelaci\u00f3n, que le ha otorgado <\/span><b>pasarelas y miradores perfectos para poder observar la fauna con total comodidad.<\/b><span style=\"font-weight: 400;\"> Adem\u00e1s, si respetas las normas, tambi\u00e9n podr\u00e1s disfrutar de una buena jornada de pesca en el Marjal del Borrons.<\/span><\/p>\t\t\t\t\t\t\t\t<\/div>\n\t\t\t\t<\/div>\n\t\t\t\t<\/div>\n\t\t<div class=\"elementor-element elementor-element-53db935 e-con-full e-flex e-con e-child\" data-id=\"53db935\" data-element_type=\"container\">\n\t\t\t\t<div class=\"elementor-element elementor-element-f9d562e elementor-widget elementor-widget-image\" data-id=\"f9d562e\" data-element_type=\"widget\" data-widget_type=\"image.default\">\n\t\t\t\t<div class=\"elementor-widget-container\">\n\t\t\t\t\t\t\t\t\t\t\t\t\t\t\t<img decoding=\"async\" width=\"765\" height=\"1020\" src=\"https:\/\/www.serviplaya.com\/blog\/wp-content\/uploads\/2025\/05\/marjal-de-la-safor-xeraco.jpg\" class=\"attachment-full size-full wp-image-724\" alt=\"marjal-de-la-safor-xeraco\" srcset=\"https:\/\/www.serviplaya.com\/blog\/wp-content\/uploads\/2025\/05\/marjal-de-la-safor-xeraco.jpg 765w, https:\/\/www.serviplaya.com\/blog\/wp-content\/uploads\/2025\/05\/marjal-de-la-safor-xeraco-225x300.jpg 225w\" sizes=\"(max-width: 765px) 100vw, 765px\" \/>\t\t\t\t\t\t\t\t\t\t\t\t\t\t\t<\/div>\n\t\t\t\t<\/div>\n\t\t\t\t<\/div>\n\t\t\t\t\t<\/div>\n\t\t\t\t<\/div>\n\t\t<div class=\"elementor-element elementor-element-6e6334e e-flex e-con-boxed e-con e-parent\" data-id=\"6e6334e\" data-element_type=\"container\">\n\t\t\t\t\t<div class=\"e-con-inner\">\n\t\t\t\t<div class=\"elementor-element elementor-element-c4bcac6 elementor-widget elementor-widget-heading\" data-id=\"c4bcac6\" data-element_type=\"widget\" data-widget_type=\"heading.default\">\n\t\t\t\t<div class=\"elementor-widget-container\">\n\t\t\t\t\t<h2 class=\"elementor-heading-title elementor-size-default\">\u00bfPor qu\u00e9 debes conocer el Marjal de la Safor?\n<\/h2>\t\t\t\t<\/div>\n\t\t\t\t<\/div>\n\t\t\t\t<div class=\"elementor-element elementor-element-073fd55 elementor-widget elementor-widget-text-editor\" data-id=\"073fd55\" data-element_type=\"widget\" data-widget_type=\"text-editor.default\">\n\t\t\t\t<div class=\"elementor-widget-container\">\n\t\t\t\t\t\t\t\t\t<p><span style=\"font-weight: 400;\">Como siempre decimos, La Safor y sus localidades ofrecen opciones de turismo que van mucho m\u00e1s all\u00e1 de sus playas. Son conocidas por su buen clima, gastronom\u00eda y actividades festivas, pero la realidad es que tambi\u00e9n nos dotan de<\/span><b> lugares como estos que merece la pena visitar para descubrir naturaleza<\/b><span style=\"font-weight: 400;\"> que, de otra manera, nos ser\u00eda imposible encontrar.<\/span><\/p><p><span style=\"font-weight: 400;\">Pero, por otra parte, tu viaje no estar\u00e1 completo si no cuentas con un alojamiento en condiciones. Por suerte, nosotros tenemos lo que necesitas.<\/span><b> Contacta con nuestro equipo para reservar tu alojamiento en Gand\u00eda y Xeraco <\/b><span style=\"font-weight: 400;\">al mejor precio con todas las comodidades que necesitas para tu viaje.<\/span><\/p>\t\t\t\t\t\t\t\t<\/div>\n\t\t\t\t<\/div>\n\t\t\t\t\t<\/div>\n\t\t\t\t<\/div>\n\t\t<div class=\"elementor-element elementor-element-71f13870 e-flex e-con-boxed e-con e-parent\" data-id=\"71f13870\" data-element_type=\"container\">\n\t\t\t\t\t<div class=\"e-con-inner\">\n\t\t\t\t<div class=\"elementor-element elementor-element-eb22933 elementor-widget elementor-widget-shortcode\" data-id=\"eb22933\" data-element_type=\"widget\" data-widget_type=\"shortcode.default\">\n\t\t\t\t<div class=\"elementor-widget-container\">\n\t\t\t\t\t\t\t<div class=\"elementor-shortcode\">\t\t<div data-elementor-type=\"container\" data-elementor-id=\"465\" class=\"elementor elementor-465\" data-elementor-post-type=\"elementor_library\">\n\t\t\t\t<div class=\"elementor-element elementor-element-d673b8f e-flex e-con-boxed e-con e-parent\" data-id=\"d673b8f\" data-element_type=\"container\">\n\t\t\t\t\t<div class=\"e-con-inner\">\n\t\t<div class=\"elementor-element elementor-element-351be922 e-con-full e-flex e-con e-child\" data-id=\"351be922\" data-element_type=\"container\">\n\t\t\t\t<div class=\"elementor-element elementor-element-257d06df elementor-align-justify elementor-widget elementor-widget-button\" data-id=\"257d06df\" data-element_type=\"widget\" data-widget_type=\"button.default\">\n\t\t\t\t<div class=\"elementor-widget-container\">\n\t\t\t\t\t\t\t\t\t<div class=\"elementor-button-wrapper\">\n\t\t\t\t\t<a class=\"elementor-button elementor-button-link elementor-size-sm\" href=\"https:\/\/www.serviplaya.com\/alquiler\/alquileres-xeraco-playa-d40\/\">\n\t\t\t\t\t\t<span class=\"elementor-button-content-wrapper\">\n\t\t\t\t\t\t\t\t\t<span class=\"elementor-button-text\">Alojamientos en Xeraco<\/span>\n\t\t\t\t\t<\/span>\n\t\t\t\t\t<\/a>\n\t\t\t\t<\/div>\n\t\t\t\t\t\t\t\t<\/div>\n\t\t\t\t<\/div>\n\t\t\t\t<\/div>\n\t\t<div class=\"elementor-element elementor-element-204cea53 e-con-full e-flex e-con e-child\" data-id=\"204cea53\" data-element_type=\"container\">\n\t\t\t\t<div class=\"elementor-element elementor-element-2afe3b3 elementor-align-justify elementor-widget elementor-widget-button\" data-id=\"2afe3b3\" data-element_type=\"widget\" data-widget_type=\"button.default\">\n\t\t\t\t<div class=\"elementor-widget-container\">\n\t\t\t\t\t\t\t\t\t<div class=\"elementor-button-wrapper\">\n\t\t\t\t\t<a class=\"elementor-button elementor-button-link elementor-size-sm\" href=\"https:\/\/www.serviplaya.com\/alquiler\/apartamentos-xeraco-playa-c1d40\/\">\n\t\t\t\t\t\t<span class=\"elementor-button-content-wrapper\">\n\t\t\t\t\t\t\t\t\t<span class=\"elementor-button-text\">Apartamentos en Xeraco<\/span>\n\t\t\t\t\t<\/span>\n\t\t\t\t\t<\/a>\n\t\t\t\t<\/div>\n\t\t\t\t\t\t\t\t<\/div>\n\t\t\t\t<\/div>\n\t\t\t\t<\/div>\n\t\t\t\t\t<\/div>\n\t\t\t\t<\/div>\n\t\t\t\t<\/div>\n\t\t<\/div>\n\t\t\t\t\t\t<\/div>\n\t\t\t\t<\/div>\n\t\t\t\t\t<\/div>\n\t\t\t\t<\/div>\n\t\t\t\t<\/div>\n\t\t","protected":false},"excerpt":{"rendered":"<p>Seguro que eres de esas personas que disfrutan de la naturaleza y de dar un buen paseo por el campo. Pero hoy, en Serviplaya, queremos llevar esto a otro nivel y hablarte de un lugar muy especial de la geograf\u00eda levantina. Estamos hablando del Marjal de la Safor, uno de los humedales mejor conservados de [&hellip;]<\/p>\n","protected":false},"author":2,"featured_media":729,"comment_status":"open","ping_status":"open","sticky":false,"template":"","format":"standard","meta":{"footnotes":""},"categories":[47],"tags":[],"class_list":["post-680","post","type-post","status-publish","format-standard","has-post-thumbnail","hentry","category-la-safor"],"yoast_head":"<!-- This site is optimized with the Yoast SEO plugin v25.2 - https:\/\/yoast.com\/wordpress\/plugins\/seo\/ -->\n<title>Conoce el Marjal de la Safor y todos sus alucinantes secretos - Alquiler en Gand\u00eda y Xeraco<\/title>\n<meta name=\"description\" content=\"Visita el Marjal de la Safor, un espacio natural lleno de biodiversidad.\" \/>\n<meta name=\"robots\" content=\"index, follow, max-snippet:-1, max-image-preview:large, max-video-preview:-1\" \/>\n<link rel=\"canonical\" href=\"https:\/\/www.serviplaya.com\/blog\/marjal-de-la-safor\/\" \/>\n<meta property=\"og:locale\" content=\"es_ES\" \/>\n<meta property=\"og:type\" content=\"article\" \/>\n<meta property=\"og:title\" content=\"Conoce el Marjal de la Safor y todos sus alucinantes secretos - Alquiler en Gand\u00eda y Xeraco\" \/>\n<meta property=\"og:description\" content=\"Visita el Marjal de la Safor, un espacio natural lleno de biodiversidad.\" \/>\n<meta property=\"og:url\" content=\"https:\/\/www.serviplaya.com\/blog\/marjal-de-la-safor\/\" \/>\n<meta property=\"og:site_name\" content=\"Alquiler en Gand\u00eda y Xeraco\" \/>\n<meta property=\"article:published_time\" content=\"2025-05-13T08:52:49+00:00\" \/>\n<meta property=\"article:modified_time\" content=\"2025-06-13T09:41:41+00:00\" \/>\n<meta property=\"og:image\" content=\"https:\/\/www.serviplaya.com\/blog\/wp-content\/uploads\/2025\/05\/visitar-marjal-de-la-safor.jpg\" \/>\n\t<meta property=\"og:image:width\" content=\"1920\" \/>\n\t<meta property=\"og:image:height\" content=\"864\" \/>\n\t<meta property=\"og:image:type\" content=\"image\/jpeg\" \/>\n<meta name=\"author\" content=\"digitalservices@avantio.com\" \/>\n<meta name=\"twitter:card\" content=\"summary_large_image\" \/>\n<meta name=\"twitter:label1\" content=\"Escrito por\" \/>\n\t<meta name=\"twitter:data1\" content=\"digitalservices@avantio.com\" \/>\n\t<meta name=\"twitter:label2\" content=\"Tiempo de lectura\" \/>\n\t<meta name=\"twitter:data2\" content=\"6 minutos\" \/>\n<script type=\"application\/ld+json\" class=\"yoast-schema-graph\">{\"@context\":\"https:\/\/schema.org\",\"@graph\":[{\"@type\":\"Article\",\"@id\":\"https:\/\/www.serviplaya.com\/blog\/marjal-de-la-safor\/#article\",\"isPartOf\":{\"@id\":\"https:\/\/www.serviplaya.com\/blog\/marjal-de-la-safor\/\"},\"author\":{\"name\":\"digitalservices@avantio.com\",\"@id\":\"https:\/\/www.serviplaya.com\/blog\/#\/schema\/person\/1d04c7cdba0745f9884f23b9a0418252\"},\"headline\":\"Conoce el Marjal de la Safor y todos sus alucinantes secretos\",\"datePublished\":\"2025-05-13T08:52:49+00:00\",\"dateModified\":\"2025-06-13T09:41:41+00:00\",\"mainEntityOfPage\":{\"@id\":\"https:\/\/www.serviplaya.com\/blog\/marjal-de-la-safor\/\"},\"wordCount\":1046,\"commentCount\":0,\"publisher\":{\"@id\":\"https:\/\/www.serviplaya.com\/blog\/#organization\"},\"image\":{\"@id\":\"https:\/\/www.serviplaya.com\/blog\/marjal-de-la-safor\/#primaryimage\"},\"thumbnailUrl\":\"https:\/\/www.serviplaya.com\/blog\/wp-content\/uploads\/2025\/05\/visitar-marjal-de-la-safor.jpg\",\"articleSection\":[\"La Safor\"],\"inLanguage\":\"es\",\"potentialAction\":[{\"@type\":\"CommentAction\",\"name\":\"Comment\",\"target\":[\"https:\/\/www.serviplaya.com\/blog\/marjal-de-la-safor\/#respond\"]}]},{\"@type\":\"WebPage\",\"@id\":\"https:\/\/www.serviplaya.com\/blog\/marjal-de-la-safor\/\",\"url\":\"https:\/\/www.serviplaya.com\/blog\/marjal-de-la-safor\/\",\"name\":\"Conoce el Marjal de la Safor y todos sus alucinantes secretos - Alquiler en Gand\u00eda y Xeraco\",\"isPartOf\":{\"@id\":\"https:\/\/www.serviplaya.com\/blog\/#website\"},\"primaryImageOfPage\":{\"@id\":\"https:\/\/www.serviplaya.com\/blog\/marjal-de-la-safor\/#primaryimage\"},\"image\":{\"@id\":\"https:\/\/www.serviplaya.com\/blog\/marjal-de-la-safor\/#primaryimage\"},\"thumbnailUrl\":\"https:\/\/www.serviplaya.com\/blog\/wp-content\/uploads\/2025\/05\/visitar-marjal-de-la-safor.jpg\",\"datePublished\":\"2025-05-13T08:52:49+00:00\",\"dateModified\":\"2025-06-13T09:41:41+00:00\",\"description\":\"Visita el Marjal de la Safor, un espacio natural lleno de biodiversidad.\",\"breadcrumb\":{\"@id\":\"https:\/\/www.serviplaya.com\/blog\/marjal-de-la-safor\/#breadcrumb\"},\"inLanguage\":\"es\",\"potentialAction\":[{\"@type\":\"ReadAction\",\"target\":[\"https:\/\/www.serviplaya.com\/blog\/marjal-de-la-safor\/\"]}]},{\"@type\":\"ImageObject\",\"inLanguage\":\"es\",\"@id\":\"https:\/\/www.serviplaya.com\/blog\/marjal-de-la-safor\/#primaryimage\",\"url\":\"https:\/\/www.serviplaya.com\/blog\/wp-content\/uploads\/2025\/05\/visitar-marjal-de-la-safor.jpg\",\"contentUrl\":\"https:\/\/www.serviplaya.com\/blog\/wp-content\/uploads\/2025\/05\/visitar-marjal-de-la-safor.jpg\",\"width\":1920,\"height\":864,\"caption\":\"visitar marjal de la safor\"},{\"@type\":\"BreadcrumbList\",\"@id\":\"https:\/\/www.serviplaya.com\/blog\/marjal-de-la-safor\/#breadcrumb\",\"itemListElement\":[{\"@type\":\"ListItem\",\"position\":1,\"name\":\"Portada\",\"item\":\"https:\/\/www.serviplaya.com\/blog\/\"},{\"@type\":\"ListItem\",\"position\":2,\"name\":\"Conoce el Marjal de la Safor y todos sus alucinantes secretos\"}]},{\"@type\":\"WebSite\",\"@id\":\"https:\/\/www.serviplaya.com\/blog\/#website\",\"url\":\"https:\/\/www.serviplaya.com\/blog\/\",\"name\":\"Alquiler en Gand\u00eda y Xeraco\",\"description\":\"SERVIPLAYA\",\"publisher\":{\"@id\":\"https:\/\/www.serviplaya.com\/blog\/#organization\"},\"potentialAction\":[{\"@type\":\"SearchAction\",\"target\":{\"@type\":\"EntryPoint\",\"urlTemplate\":\"https:\/\/www.serviplaya.com\/blog\/?s={search_term_string}\"},\"query-input\":{\"@type\":\"PropertyValueSpecification\",\"valueRequired\":true,\"valueName\":\"search_term_string\"}}],\"inLanguage\":\"es\"},{\"@type\":\"Organization\",\"@id\":\"https:\/\/www.serviplaya.com\/blog\/#organization\",\"name\":\"Alquiler en Gand\u00eda y Xeraco\",\"url\":\"https:\/\/www.serviplaya.com\/blog\/\",\"logo\":{\"@type\":\"ImageObject\",\"inLanguage\":\"es\",\"@id\":\"https:\/\/www.serviplaya.com\/blog\/#\/schema\/logo\/image\/\",\"url\":\"https:\/\/www.serviplaya.com\/blog\/wp-content\/uploads\/2024\/12\/cropped-logo-3.png\",\"contentUrl\":\"https:\/\/www.serviplaya.com\/blog\/wp-content\/uploads\/2024\/12\/cropped-logo-3.png\",\"width\":600,\"height\":143,\"caption\":\"Alquiler en Gand\u00eda y Xeraco\"},\"image\":{\"@id\":\"https:\/\/www.serviplaya.com\/blog\/#\/schema\/logo\/image\/\"}},{\"@type\":\"Person\",\"@id\":\"https:\/\/www.serviplaya.com\/blog\/#\/schema\/person\/1d04c7cdba0745f9884f23b9a0418252\",\"name\":\"digitalservices@avantio.com\",\"image\":{\"@type\":\"ImageObject\",\"inLanguage\":\"es\",\"@id\":\"https:\/\/www.serviplaya.com\/blog\/#\/schema\/person\/image\/\",\"url\":\"https:\/\/secure.gravatar.com\/avatar\/af30f88a1904294c1f3eb09a9d7903eec4ffa18fa2cf40c28a8681014ecdfc20?s=96&d=mm&r=g\",\"contentUrl\":\"https:\/\/secure.gravatar.com\/avatar\/af30f88a1904294c1f3eb09a9d7903eec4ffa18fa2cf40c28a8681014ecdfc20?s=96&d=mm&r=g\",\"caption\":\"digitalservices@avantio.com\"},\"url\":\"https:\/\/www.serviplaya.com\/blog\/author\/digitalservicesavantio-com\/\"}]}<\/script>\n<!-- \/ Yoast SEO plugin. -->","yoast_head_json":{"title":"Conoce el Marjal de la Safor y todos sus alucinantes secretos - Alquiler en Gand\u00eda y Xeraco","description":"Visita el Marjal de la Safor, un espacio natural lleno de biodiversidad.","robots":{"index":"index","follow":"follow","max-snippet":"max-snippet:-1","max-image-preview":"max-image-preview:large","max-video-preview":"max-video-preview:-1"},"canonical":"https:\/\/www.serviplaya.com\/blog\/marjal-de-la-safor\/","og_locale":"es_ES","og_type":"article","og_title":"Conoce el Marjal de la Safor y todos sus alucinantes secretos - Alquiler en Gand\u00eda y Xeraco","og_description":"Visita el Marjal de la Safor, un espacio natural lleno de biodiversidad.","og_url":"https:\/\/www.serviplaya.com\/blog\/marjal-de-la-safor\/","og_site_name":"Alquiler en Gand\u00eda y Xeraco","article_published_time":"2025-05-13T08:52:49+00:00","article_modified_time":"2025-06-13T09:41:41+00:00","og_image":[{"width":1920,"height":864,"url":"https:\/\/www.serviplaya.com\/blog\/wp-content\/uploads\/2025\/05\/visitar-marjal-de-la-safor.jpg","type":"image\/jpeg"}],"author":"digitalservices@avantio.com","twitter_card":"summary_large_image","twitter_misc":{"Escrito por":"digitalservices@avantio.com","Tiempo de lectura":"6 minutos"},"schema":{"@context":"https:\/\/schema.org","@graph":[{"@type":"Article","@id":"https:\/\/www.serviplaya.com\/blog\/marjal-de-la-safor\/#article","isPartOf":{"@id":"https:\/\/www.serviplaya.com\/blog\/marjal-de-la-safor\/"},"author":{"name":"digitalservices@avantio.com","@id":"https:\/\/www.serviplaya.com\/blog\/#\/schema\/person\/1d04c7cdba0745f9884f23b9a0418252"},"headline":"Conoce el Marjal de la Safor y todos sus alucinantes secretos","datePublished":"2025-05-13T08:52:49+00:00","dateModified":"2025-06-13T09:41:41+00:00","mainEntityOfPage":{"@id":"https:\/\/www.serviplaya.com\/blog\/marjal-de-la-safor\/"},"wordCount":1046,"commentCount":0,"publisher":{"@id":"https:\/\/www.serviplaya.com\/blog\/#organization"},"image":{"@id":"https:\/\/www.serviplaya.com\/blog\/marjal-de-la-safor\/#primaryimage"},"thumbnailUrl":"https:\/\/www.serviplaya.com\/blog\/wp-content\/uploads\/2025\/05\/visitar-marjal-de-la-safor.jpg","articleSection":["La Safor"],"inLanguage":"es","potentialAction":[{"@type":"CommentAction","name":"Comment","target":["https:\/\/www.serviplaya.com\/blog\/marjal-de-la-safor\/#respond"]}]},{"@type":"WebPage","@id":"https:\/\/www.serviplaya.com\/blog\/marjal-de-la-safor\/","url":"https:\/\/www.serviplaya.com\/blog\/marjal-de-la-safor\/","name":"Conoce el Marjal de la Safor y todos sus alucinantes secretos - Alquiler en Gand\u00eda y Xeraco","isPartOf":{"@id":"https:\/\/www.serviplaya.com\/blog\/#website"},"primaryImageOfPage":{"@id":"https:\/\/www.serviplaya.com\/blog\/marjal-de-la-safor\/#primaryimage"},"image":{"@id":"https:\/\/www.serviplaya.com\/blog\/marjal-de-la-safor\/#primaryimage"},"thumbnailUrl":"https:\/\/www.serviplaya.com\/blog\/wp-content\/uploads\/2025\/05\/visitar-marjal-de-la-safor.jpg","datePublished":"2025-05-13T08:52:49+00:00","dateModified":"2025-06-13T09:41:41+00:00","description":"Visita el Marjal de la Safor, un espacio natural lleno de biodiversidad.","breadcrumb":{"@id":"https:\/\/www.serviplaya.com\/blog\/marjal-de-la-safor\/#breadcrumb"},"inLanguage":"es","potentialAction":[{"@type":"ReadAction","target":["https:\/\/www.serviplaya.com\/blog\/marjal-de-la-safor\/"]}]},{"@type":"ImageObject","inLanguage":"es","@id":"https:\/\/www.serviplaya.com\/blog\/marjal-de-la-safor\/#primaryimage","url":"https:\/\/www.serviplaya.com\/blog\/wp-content\/uploads\/2025\/05\/visitar-marjal-de-la-safor.jpg","contentUrl":"https:\/\/www.serviplaya.com\/blog\/wp-content\/uploads\/2025\/05\/visitar-marjal-de-la-safor.jpg","width":1920,"height":864,"caption":"visitar marjal de la safor"},{"@type":"BreadcrumbList","@id":"https:\/\/www.serviplaya.com\/blog\/marjal-de-la-safor\/#breadcrumb","itemListElement":[{"@type":"ListItem","position":1,"name":"Portada","item":"https:\/\/www.serviplaya.com\/blog\/"},{"@type":"ListItem","position":2,"name":"Conoce el Marjal de la Safor y todos sus alucinantes secretos"}]},{"@type":"WebSite","@id":"https:\/\/www.serviplaya.com\/blog\/#website","url":"https:\/\/www.serviplaya.com\/blog\/","name":"Alquiler en Gand\u00eda y Xeraco","description":"SERVIPLAYA","publisher":{"@id":"https:\/\/www.serviplaya.com\/blog\/#organization"},"potentialAction":[{"@type":"SearchAction","target":{"@type":"EntryPoint","urlTemplate":"https:\/\/www.serviplaya.com\/blog\/?s={search_term_string}"},"query-input":{"@type":"PropertyValueSpecification","valueRequired":true,"valueName":"search_term_string"}}],"inLanguage":"es"},{"@type":"Organization","@id":"https:\/\/www.serviplaya.com\/blog\/#organization","name":"Alquiler en Gand\u00eda y Xeraco","url":"https:\/\/www.serviplaya.com\/blog\/","logo":{"@type":"ImageObject","inLanguage":"es","@id":"https:\/\/www.serviplaya.com\/blog\/#\/schema\/logo\/image\/","url":"https:\/\/www.serviplaya.com\/blog\/wp-content\/uploads\/2024\/12\/cropped-logo-3.png","contentUrl":"https:\/\/www.serviplaya.com\/blog\/wp-content\/uploads\/2024\/12\/cropped-logo-3.png","width":600,"height":143,"caption":"Alquiler en Gand\u00eda y Xeraco"},"image":{"@id":"https:\/\/www.serviplaya.com\/blog\/#\/schema\/logo\/image\/"}},{"@type":"Person","@id":"https:\/\/www.serviplaya.com\/blog\/#\/schema\/person\/1d04c7cdba0745f9884f23b9a0418252","name":"digitalservices@avantio.com","image":{"@type":"ImageObject","inLanguage":"es","@id":"https:\/\/www.serviplaya.com\/blog\/#\/schema\/person\/image\/","url":"https:\/\/secure.gravatar.com\/avatar\/af30f88a1904294c1f3eb09a9d7903eec4ffa18fa2cf40c28a8681014ecdfc20?s=96&d=mm&r=g","contentUrl":"https:\/\/secure.gravatar.com\/avatar\/af30f88a1904294c1f3eb09a9d7903eec4ffa18fa2cf40c28a8681014ecdfc20?s=96&d=mm&r=g","caption":"digitalservices@avantio.com"},"url":"https:\/\/www.serviplaya.com\/blog\/author\/digitalservicesavantio-com\/"}]}},"_links":{"self":[{"href":"https:\/\/www.serviplaya.com\/blog\/wp-json\/wp\/v2\/posts\/680","targetHints":{"allow":["GET"]}}],"collection":[{"href":"https:\/\/www.serviplaya.com\/blog\/wp-json\/wp\/v2\/posts"}],"about":[{"href":"https:\/\/www.serviplaya.com\/blog\/wp-json\/wp\/v2\/types\/post"}],"author":[{"embeddable":true,"href":"https:\/\/www.serviplaya.com\/blog\/wp-json\/wp\/v2\/users\/2"}],"replies":[{"embeddable":true,"href":"https:\/\/www.serviplaya.com\/blog\/wp-json\/wp\/v2\/comments?post=680"}],"version-history":[{"count":7,"href":"https:\/\/www.serviplaya.com\/blog\/wp-json\/wp\/v2\/posts\/680\/revisions"}],"predecessor-version":[{"id":736,"href":"https:\/\/www.serviplaya.com\/blog\/wp-json\/wp\/v2\/posts\/680\/revisions\/736"}],"wp:featuredmedia":[{"embeddable":true,"href":"https:\/\/www.serviplaya.com\/blog\/wp-json\/wp\/v2\/media\/729"}],"wp:attachment":[{"href":"https:\/\/www.serviplaya.com\/blog\/wp-json\/wp\/v2\/media?parent=680"}],"wp:term":[{"taxonomy":"category","embeddable":true,"href":"https:\/\/www.serviplaya.com\/blog\/wp-json\/wp\/v2\/categories?post=680"},{"taxonomy":"post_tag","embeddable":true,"href":"https:\/\/www.serviplaya.com\/blog\/wp-json\/wp\/v2\/tags?post=680"}],"curies":[{"name":"wp","href":"https:\/\/api.w.org\/{rel}","templated":true}]}}